{"id":2213,"date":"2016-03-31T12:55:00","date_gmt":"2016-03-31T12:55:00","guid":{"rendered":"https:\/\/www.signium.com\/?post_type=news&#038;p=2213"},"modified":"2020-06-08T08:15:39","modified_gmt":"2020-06-08T08:15:39","slug":"irischer-premierminister-in-duesseldorf","status":"publish","type":"news","link":"https:\/\/www.signium.com\/de\/news\/irischer-premierminister-in-duesseldorf\/","title":{"rendered":"Irischer Premierminister Enda Kenny in D\u00fcsseldorf"},"content":{"rendered":"\n<h2 class=\"wp-block-heading\"><a href=\"https:\/\/www.signium.com\/consultant\/ann-frances-kelly\/\">Ann Frances Kelly<\/a data-aos=\"fade-up\">, Partnerin bei Signium, ber\u00e4t Unternehmen zum Thema Recruiting bei der Konferenz des irischen Premierministers Enda Kenny anl\u00e4sslich seines Besuchs in D\u00fcsseldorf <\/h2>\n\n\n\n<div class=\"wp-block-image\"><figure class=\"alignright size-large\"><img loading=\"lazy\" decoding=\"async\" width=\"207\" height=\"138\" src=\"https:\/\/www.signium.com\/wp-content\/uploads\/2020\/03\/Enda-Kenny.jpg\" alt=\"\" class=\"wp-image-2214\" srcset=\"https:\/\/www.signium.com\/wp-content\/uploads\/2020\/03\/Enda-Kenny.jpg 207w, https:\/\/www.signium.com\/wp-content\/uploads\/2020\/03\/Enda-Kenny-120x80.jpg 120w\" sizes=\"(max-width: 207px) 100vw, 207px\" \/><figcaption> <em>Der irische Premierminister Enda Kenny w\u00e4hrend seiner Ansprache an Entscheider kleiner und mittelst\u00e4ndischer Unternehmen aus Irland auf der Seminarveranstaltung im D\u00fcsseldorfer Industrie-Club<\/em> <\/figcaption><\/figure data-aos=\"fade-up\"><\/div>\n\n\n\n<p>Der irische Premierminister&nbsp;<strong>Enda Kenny<\/strong data-aos=\"fade-up\">&nbsp;besuchte vom 06. \u2013 08. Januar 2016 D\u00fcsseldorf anl\u00e4sslich einer Handelsmission, begleitet wurde er von einer Delegation von \u00fcber 85 Repr\u00e4sentanten irischer Unternehmen. Ziel der Reise war es, durch die Weiterentwicklung von Exportm\u00e4rkten die Erholung der irischen Wirtschaft weiter voranzutreiben, Markt- und Handelschancen zu er\u00f6rtern und die schon jetzt signifikante deutsch-irische Zusammenarbeit zu f\u00f6rdern.<\/p>\n\n\n\n<p data-aos=\"fade-up\">Bei seinem Besuch wurde Kenny vom irischen Botschafter in Deutschland, Michael Collins, und von Julie Sinnamon, CEO von Enterprise Ireland (die staatliche irische Organisation zur F\u00f6rderung von Wachstum und Entwicklung irischer Unternehmen auf dem Weltmarkt) begleitet. Enterprise Ireland (EI), mit seiner Niederlassung f\u00fcr die DACH-Region in D\u00fcsseldorf beheimatet, war Gastgeberin des Events.<\/p>\n\n\n\n<p data-aos=\"fade-up\">In einer Konferenz f\u00fcr \u00fcber 40 Entscheider aus kleineren und mittelst\u00e4ndischen irischen Unternehmen, die entweder die Schaffung oder einen Ausbau ihrer Pr\u00e4senz in Deutschland anstreben, wurde durch eine Reihe von Experten auf die Herausforderungen und Chancen eingegangen, die f\u00fcr eine erfolgreiche Strategie auf dem deutschen Markt ber\u00fccksichtigt werden sollten.<\/p>\n\n\n\n<div class=\"wp-block-image\"><figure class=\"alignleft size-large\"><img loading=\"lazy\" decoding=\"async\" width=\"204\" height=\"169\" src=\"https:\/\/www.signium.com\/wp-content\/uploads\/2020\/03\/signiumpartner-kelly.jpg\" alt=\"\" class=\"wp-image-2216\" srcset=\"https:\/\/www.signium.com\/wp-content\/uploads\/2020\/03\/signiumpartner-kelly.jpg 204w, https:\/\/www.signium.com\/wp-content\/uploads\/2020\/03\/signiumpartner-kelly-120x99.jpg 120w\" sizes=\"(max-width: 204px) 100vw, 204px\" \/><figcaption><em> Von links: Ann Frances Kelly, Partner, Signium International; J\u00fcrgen Helmhold, Partner und Steuerberater, Schnorbus Helmhold Wardemann; Premierminister Enda Kenny; Brian English, CEO, Qupact International; Susanne Dirks, CEO, e-Vorsprung; Julie Sinnamon, CEO, Enterprise Ireland; Markus Ludwig, Principal, MHL Law <\/em><\/figcaption><\/figure data-aos=\"fade-up\"><\/div>\n\n\n\n<p><strong><a href=\"https:\/\/www.signium.com\/consultant\/ann-frances-kelly\/\">Ann-Frances Kelly<\/a>, Partnerin bei Signium,<\/strong data-aos=\"fade-up\">&nbsp;sprach in diesem Zusammenhang in einem Vortrag \u00fcber die Herausforderungen bei der Rekrutierung talentierter Manager in Deutschland f\u00fcr irische Unternehmen. Vor dem Hintergrund ihrer \u00fcber 25j\u00e4hrigen Erfahrung bei Signium International, wo sie f\u00fcr bekannte und internationale Unternehmen in Deutschland und ganz Europa rekrutiert, sprach sie \u00fcber den hohen Wettbewerb um talentierte F\u00fchrungskr\u00e4fte in Deutschland. Sie betonte, dass ausl\u00e4ndische Unternehmen auf dem f\u00fcr sie unbekannten Territorium des deutschen Marktes speziellen Herausforderungen beim Recruiting gegen\u00fcberstehen, die sich aus teilweise recht deutlichen, aber teilweise auch nur subtilen Unterschieden bei Arbeitsweise und Lebensgewohnheiten ergeben. Es sei f\u00fcr kleine und mittlere irische Unternehmen gerade kurz nach dem Marktstart oder bei einem angestrebten Ausbau der Pr\u00e4senz wichtig, die richtigen F\u00fchrungskr\u00e4fte zu finden und zu halten, um in diesem ungewohnten Umfeld bestehen zu k\u00f6nnen. Die Headhunterin best\u00e4rkte ihre Zuh\u00f6rer darin, das Potential und den Mehrwert von Top-F\u00fchrungskr\u00e4ften f\u00fcr Organisationen aller Gr\u00f6\u00dfen nicht zu untersch\u00e4tzen und ging darauf ein, wie professionelle Personalberater dabei helfen k\u00f6nnen, eine Position \u201edirekt beim ersten Versuch\u201c passend zu besetzen.<\/p>\n\n\n\n<p data-aos=\"fade-up\">Weitere Experten referierten \u00fcber Besonderheiten des deutschen Steuer- und Arbeitsrechts, \u00fcber Webseitenoptimierung und \u00fcber Fragen des Business Partner Developments.<\/p>\n\n\n\n<p data-aos=\"fade-up\">Im Anschluss an die Seminarveranstaltung fand in den R\u00e4umen des bekannten D\u00fcsseldorfer Industrie-Clubs ein Networking-Event statt, an dem 175 prominente G\u00e4ste aus der deutschen und irischen Wirtschaft teilnahmen. In der Er\u00f6ffnungszeremonie wandt<\/p>\n\n\n\n<p data-aos=\"fade-up\">en sich Premierminister Enda Kenny, Botschafter Michael Collins und Julie Sinnamon CEO bei Enterprise Ireland an das Publikum. Sie berichteten von der au\u00dfergew\u00f6hnlich schnellen und starken Erholung der irischen Wirtschaft und betonten dabei die lange Tradition und immer weiter wachsende Intensit\u00e4t der wirtschaftlichen Beziehungen mit Deutschland. Irische Unternehmen h\u00e4tten bewiesen, dass sie mit Innovationen sowohl in der Heimat als auch im Ausland das Wirtschaftswachstum antreiben k\u00f6nnten.<\/p>\n\n\n\n<p data-aos=\"fade-up\">Im Rahmen der dreit\u00e4gigen Handelmission, die Premierminister Kenny neben D\u00fcsseldorf auch nach Amsterdam und M\u00fcnchen f\u00fchrte, wurden Vertr\u00e4ge zwischen den beteiligten Firmen mit einem Volumen von \u00fcber 57 Mio.  \u20ac  unterzeichnet.<\/p>\n\n\n\n<figure class=\"wp-block-gallery columns-3 is-cropped wp-block-gallery-1 is-layout-flex wp-block-gallery-is-layout-flex\"><ul class=\"blocks-gallery-grid\"><li class=\"blocks-gallery-item\"><figure><img loading=\"lazy\" decoding=\"async\" width=\"223\" height=\"138\" src=\"https:\/\/www.signium.com\/wp-content\/uploads\/2020\/03\/Kelly-Signium-Enda-Kenny.jpg\" alt=\"\" data-id=\"2218\" data-link=\"https:\/\/www.signium.com\/?attachment_id=2218\" class=\"wp-image-2218\" srcset=\"https:\/\/www.signium.com\/wp-content\/uploads\/2020\/03\/Kelly-Signium-Enda-Kenny.jpg 223w, https:\/\/www.signium.com\/wp-content\/uploads\/2020\/03\/Kelly-Signium-Enda-Kenny-120x74.jpg 120w\" sizes=\"(max-width: 223px) 100vw, 223px\" \/><\/figure><\/li><li class=\"blocks-gallery-item\"><figure><img loading=\"lazy\" decoding=\"async\" width=\"205\" height=\"137\" src=\"https:\/\/www.signium.com\/wp-content\/uploads\/2020\/03\/gruppenbild.jpg\" alt=\"\" data-id=\"2222\" data-full-url=\"https:\/\/www.signium.com\/wp-content\/uploads\/2020\/03\/gruppenbild.jpg\" data-link=\"https:\/\/www.signium.com\/?attachment_id=2222\" class=\"wp-image-2222\" srcset=\"https:\/\/www.signium.com\/wp-content\/uploads\/2020\/03\/gruppenbild.jpg 205w, https:\/\/www.signium.com\/wp-content\/uploads\/2020\/03\/gruppenbild-120x80.jpg 120w\" sizes=\"(max-width: 205px) 100vw, 205px\" \/><\/figure><\/li><li class=\"blocks-gallery-item\"><figure><img loading=\"lazy\" decoding=\"async\" width=\"207\" height=\"137\" src=\"https:\/\/www.signium.com\/wp-content\/uploads\/2020\/03\/kelly-signium.jpg\" alt=\"\" data-id=\"2220\" data-link=\"https:\/\/www.signium.com\/?attachment_id=2220\" class=\"wp-image-2220\" srcset=\"https:\/\/www.signium.com\/wp-content\/uploads\/2020\/03\/kelly-signium.jpg 207w, https:\/\/www.signium.com\/wp-content\/uploads\/2020\/03\/kelly-signium-120x79.jpg 120w\" sizes=\"(max-width: 207px) 100vw, 207px\" \/><\/figure><\/li><\/ul data-aos=\"fade-up\"><\/figure>\n\n\n\n<p data-aos=\"fade-up\"><\/p>\n","protected":false},"excerpt":{"rendered":"<p>Ann Frances Kelly, Partnerin bei Signium, ber\u00e4t Unternehmen zum Thema Recruiting bei der Konferenz des irischen Premierministers Enda Kenny anl\u00e4sslich seines Besuchs in D\u00fcsseldorf Der irische Premierminister&nbsp;Enda Kenny&nbsp;besuchte vom 06. \u2013 08. Januar 2016 D\u00fcsseldorf anl\u00e4sslich einer Handelsmission, begleitet wurde er von einer Delegation von \u00fcber 85 Repr\u00e4sentanten irischer Unternehmen. Ziel der Reise war es, [&hellip;]<\/p>\n","protected":false},"featured_media":2227,"parent":0,"menu_order":0,"comment_status":"open","ping_status":"closed","template":"","region":[],"news_type":[42],"acf":[],"yoast_head":"<!-- This site is optimized with the Yoast SEO Premium plugin v20.5 (Yoast SEO v20.5) - https:\/\/yoast.com\/wordpress\/plugins\/seo\/ -->\n<title>Irischer Premierminister Enda Kenny in D\u00fcsseldorf &ndash; Signium<\/title>\n<meta name=\"description\" content=\"Managing Partnerin Ann Frances Kelly, ber\u00e4t Unternehmen zum Thema Recruiting bei der Konferenz des irischen Premierministers Enda Kenny..\" \/>\n<meta name=\"robots\" content=\"index, follow, max-snippet:-1, max-image-preview:large, max-video-preview:-1\" \/>\n<link rel=\"canonical\" href=\"https:\/\/staging.signium.com\/de\/news\/irischer-premierminister-in-duesseldorf\/\" \/>\n<meta property=\"og:locale\" content=\"de_DE\" \/>\n<meta property=\"og:type\" content=\"article\" \/>\n<meta property=\"og:title\" content=\"Irischer Premierminister Enda Kenny in D\u00fcsseldorf\" \/>\n<meta property=\"og:description\" content=\"Managing Partnerin Ann Frances Kelly, ber\u00e4t Unternehmen zum Thema Recruiting bei der Konferenz des irischen Premierministers Enda Kenny..\" \/>\n<meta property=\"og:url\" content=\"https:\/\/staging.signium.com\/de\/news\/irischer-premierminister-in-duesseldorf\/\" \/>\n<meta property=\"og:site_name\" content=\"Signium\" \/>\n<meta property=\"article:modified_time\" content=\"2020-06-08T08:15:39+00:00\" \/>\n<meta property=\"og:image\" content=\"https:\/\/staging.signium.com\/wp-content\/uploads\/2016\/03\/duesseldorf_coverimage_news.jpg\" \/>\n\t<meta property=\"og:image:width\" content=\"1110\" \/>\n\t<meta property=\"og:image:height\" content=\"624\" \/>\n\t<meta property=\"og:image:type\" content=\"image\/jpeg\" \/>\n<meta name=\"twitter:card\" content=\"summary_large_image\" \/>\n<meta name=\"twitter:site\" content=\"@signiumspeaks\" \/>\n<meta name=\"twitter:label1\" content=\"Est. reading time\" \/>\n\t<meta name=\"twitter:data1\" content=\"3 minutes\" \/>\n<script type=\"application\/ld+json\" class=\"yoast-schema-graph\">{\"@context\":\"https:\/\/schema.org\",\"@graph\":[{\"@type\":\"WebPage\",\"@id\":\"https:\/\/staging.signium.com\/de\/news\/irischer-premierminister-in-duesseldorf\/\",\"url\":\"https:\/\/staging.signium.com\/de\/news\/irischer-premierminister-in-duesseldorf\/\",\"name\":\"Irischer Premierminister Enda Kenny in D\u00fcsseldorf &ndash; Signium\",\"isPartOf\":{\"@id\":\"https:\/\/staging.signium.com\/#website\"},\"datePublished\":\"2016-03-31T12:55:00+00:00\",\"dateModified\":\"2020-06-08T08:15:39+00:00\",\"description\":\"Managing Partnerin Ann Frances Kelly, ber\u00e4t Unternehmen zum Thema Recruiting bei der Konferenz des irischen Premierministers Enda Kenny..\",\"breadcrumb\":{\"@id\":\"https:\/\/staging.signium.com\/de\/news\/irischer-premierminister-in-duesseldorf\/#breadcrumb\"},\"inLanguage\":\"de-DE\",\"potentialAction\":[{\"@type\":\"ReadAction\",\"target\":[\"https:\/\/staging.signium.com\/de\/news\/irischer-premierminister-in-duesseldorf\/\"]}]},{\"@type\":\"BreadcrumbList\",\"@id\":\"https:\/\/staging.signium.com\/de\/news\/irischer-premierminister-in-duesseldorf\/#breadcrumb\",\"itemListElement\":[{\"@type\":\"ListItem\",\"position\":1,\"name\":\"Home\",\"item\":\"https:\/\/www.signium.com\/de\/\"},{\"@type\":\"ListItem\",\"position\":2,\"name\":\"News\",\"item\":\"https:\/\/staging.signium.com\/news\/\"},{\"@type\":\"ListItem\",\"position\":3,\"name\":\"Irischer Premierminister Enda Kenny in D\u00fcsseldorf\"}]},{\"@type\":\"WebSite\",\"@id\":\"https:\/\/staging.signium.com\/#website\",\"url\":\"https:\/\/staging.signium.com\/\",\"name\":\"Signium\",\"description\":\"Global Executive Search and Leadership Consulting\",\"publisher\":{\"@id\":\"https:\/\/staging.signium.com\/#organization\"},\"potentialAction\":[{\"@type\":\"SearchAction\",\"target\":{\"@type\":\"EntryPoint\",\"urlTemplate\":\"https:\/\/staging.signium.com\/?s={search_term_string}\"},\"query-input\":\"required name=search_term_string\"}],\"inLanguage\":\"de-DE\"},{\"@type\":\"Organization\",\"@id\":\"https:\/\/staging.signium.com\/#organization\",\"name\":\"Signium\",\"url\":\"https:\/\/staging.signium.com\/\",\"logo\":{\"@type\":\"ImageObject\",\"inLanguage\":\"de-DE\",\"@id\":\"https:\/\/staging.signium.com\/#\/schema\/logo\/image\/\",\"url\":\"https:\/\/www.signium.com\/wp-content\/uploads\/2020\/05\/logo-darkblue.png\",\"contentUrl\":\"https:\/\/www.signium.com\/wp-content\/uploads\/2020\/05\/logo-darkblue.png\",\"width\":300,\"height\":66,\"caption\":\"Signium\"},\"image\":{\"@id\":\"https:\/\/staging.signium.com\/#\/schema\/logo\/image\/\"},\"sameAs\":[\"https:\/\/twitter.com\/signiumspeaks\",\"https:\/\/www.linkedin.com\/company\/signium\",\"https:\/\/www.youtube.com\/channel\/UC1mryZmvR40LptxwpsxMaiw\"]}]}<\/script>\n<!-- \/ Yoast SEO Premium plugin. -->","yoast_head_json":{"title":"Irischer Premierminister Enda Kenny in D\u00fcsseldorf &ndash; Signium","description":"Managing Partnerin Ann Frances Kelly, ber\u00e4t Unternehmen zum Thema Recruiting bei der Konferenz des irischen Premierministers Enda Kenny..","robots":{"index":"index","follow":"follow","max-snippet":"max-snippet:-1","max-image-preview":"max-image-preview:large","max-video-preview":"max-video-preview:-1"},"canonical":"https:\/\/staging.signium.com\/de\/news\/irischer-premierminister-in-duesseldorf\/","og_locale":"de_DE","og_type":"article","og_title":"Irischer Premierminister Enda Kenny in D\u00fcsseldorf","og_description":"Managing Partnerin Ann Frances Kelly, ber\u00e4t Unternehmen zum Thema Recruiting bei der Konferenz des irischen Premierministers Enda Kenny..","og_url":"https:\/\/staging.signium.com\/de\/news\/irischer-premierminister-in-duesseldorf\/","og_site_name":"Signium","article_modified_time":"2020-06-08T08:15:39+00:00","og_image":[{"width":1110,"height":624,"url":"https:\/\/staging.signium.com\/wp-content\/uploads\/2016\/03\/duesseldorf_coverimage_news.jpg","type":"image\/jpeg"}],"twitter_card":"summary_large_image","twitter_site":"@signiumspeaks","twitter_misc":{"Est. reading time":"3 minutes"},"schema":{"@context":"https:\/\/schema.org","@graph":[{"@type":"WebPage","@id":"https:\/\/staging.signium.com\/de\/news\/irischer-premierminister-in-duesseldorf\/","url":"https:\/\/staging.signium.com\/de\/news\/irischer-premierminister-in-duesseldorf\/","name":"Irischer Premierminister Enda Kenny in D\u00fcsseldorf &ndash; Signium","isPartOf":{"@id":"https:\/\/staging.signium.com\/#website"},"datePublished":"2016-03-31T12:55:00+00:00","dateModified":"2020-06-08T08:15:39+00:00","description":"Managing Partnerin Ann Frances Kelly, ber\u00e4t Unternehmen zum Thema Recruiting bei der Konferenz des irischen Premierministers Enda Kenny..","breadcrumb":{"@id":"https:\/\/staging.signium.com\/de\/news\/irischer-premierminister-in-duesseldorf\/#breadcrumb"},"inLanguage":"de-DE","potentialAction":[{"@type":"ReadAction","target":["https:\/\/staging.signium.com\/de\/news\/irischer-premierminister-in-duesseldorf\/"]}]},{"@type":"BreadcrumbList","@id":"https:\/\/staging.signium.com\/de\/news\/irischer-premierminister-in-duesseldorf\/#breadcrumb","itemListElement":[{"@type":"ListItem","position":1,"name":"Home","item":"https:\/\/www.signium.com\/de\/"},{"@type":"ListItem","position":2,"name":"News","item":"https:\/\/staging.signium.com\/news\/"},{"@type":"ListItem","position":3,"name":"Irischer Premierminister Enda Kenny in D\u00fcsseldorf"}]},{"@type":"WebSite","@id":"https:\/\/staging.signium.com\/#website","url":"https:\/\/staging.signium.com\/","name":"Signium","description":"Global Executive Search and Leadership Consulting","publisher":{"@id":"https:\/\/staging.signium.com\/#organization"},"potentialAction":[{"@type":"SearchAction","target":{"@type":"EntryPoint","urlTemplate":"https:\/\/staging.signium.com\/?s={search_term_string}"},"query-input":"required name=search_term_string"}],"inLanguage":"de-DE"},{"@type":"Organization","@id":"https:\/\/staging.signium.com\/#organization","name":"Signium","url":"https:\/\/staging.signium.com\/","logo":{"@type":"ImageObject","inLanguage":"de-DE","@id":"https:\/\/staging.signium.com\/#\/schema\/logo\/image\/","url":"https:\/\/www.signium.com\/wp-content\/uploads\/2020\/05\/logo-darkblue.png","contentUrl":"https:\/\/www.signium.com\/wp-content\/uploads\/2020\/05\/logo-darkblue.png","width":300,"height":66,"caption":"Signium"},"image":{"@id":"https:\/\/staging.signium.com\/#\/schema\/logo\/image\/"},"sameAs":["https:\/\/twitter.com\/signiumspeaks","https:\/\/www.linkedin.com\/company\/signium","https:\/\/www.youtube.com\/channel\/UC1mryZmvR40LptxwpsxMaiw"]}]}},"_links":{"self":[{"href":"https:\/\/www.signium.com\/de\/wp-json\/wp\/v2\/news\/2213"}],"collection":[{"href":"https:\/\/www.signium.com\/de\/wp-json\/wp\/v2\/news"}],"about":[{"href":"https:\/\/www.signium.com\/de\/wp-json\/wp\/v2\/types\/news"}],"replies":[{"embeddable":true,"href":"https:\/\/www.signium.com\/de\/wp-json\/wp\/v2\/comments?post=2213"}],"wp:featuredmedia":[{"embeddable":true,"href":"https:\/\/www.signium.com\/de\/wp-json\/wp\/v2\/media\/2227"}],"wp:attachment":[{"href":"https:\/\/www.signium.com\/de\/wp-json\/wp\/v2\/media?parent=2213"}],"wp:term":[{"taxonomy":"region","embeddable":true,"href":"https:\/\/www.signium.com\/de\/wp-json\/wp\/v2\/region?post=2213"},{"taxonomy":"news_type","embeddable":true,"href":"https:\/\/www.signium.com\/de\/wp-json\/wp\/v2\/news_type?post=2213"}],"curies":[{"name":"wp","href":"https:\/\/api.w.org\/{rel}","templated":true}]}}