{"id":2682,"date":"2020-04-20T14:32:10","date_gmt":"2020-04-20T19:32:10","guid":{"rendered":"https:\/\/www.signium.com\/?post_type=news&#038;p=2682"},"modified":"2023-07-06T11:56:09","modified_gmt":"2023-07-06T16:56:09","slug":"personalsuche-in-der-corona-krise","status":"publish","type":"news","link":"https:\/\/www.signium.com\/de\/news\/personalsuche-in-der-corona-krise\/","title":{"rendered":"Konsumg\u00fcterindustrie: Personalbesetzung in der  Corona-Krise"},"content":{"rendered":"\n<h2 class=\"wp-block-heading\">Managing Partnerin <a href=\"https:\/\/www.signium.com\/consultant\/ann-frances-kelly\/\"><em>Ann Frances Kelly<\/em><\/a data-aos=\"fade-up\"> in einem Beitrag der Lebensmittel Zeitung zum Thema Personalstrategie in der Corona-Krise <\/h2>\n\n\n\n<p>Die Personalbesetzung hat sich in der Corona-Krise massiv erschwert. &#8220;Der Kandidatenmarkt befindet sich in Schockstarre&#8221; &#8211; das wei\u00df auch Managing Partnerin <a href=\"https:\/\/www.signium.com\/consultant\/ann-frances-kelly\/\">Ann Frances Kelly<\/a data-aos=\"fade-up\">. In einem Interview der Lebensmittel Zeitung \u00e4u\u00dfert Sie sich dazu, wie akute Herausforderungen bew\u00e4ltigt werden und welche Themen mittelfristig im Fokus stehen.<\/p>\n\n\n\n<p><em><a href=\"https:\/\/www.lebensmittelzeitung.net\/handel\/Personalstrategien-in-der-Corona-Krise-Kandidatenmarkt-in-Schockstarre-145827\" target=\"_blank\" rel=\"noreferrer noopener\" aria-label=\" (opens in a new tab)\">Zum vollst\u00e4ndigen Artikel<\/a><\/em data-aos=\"fade-up\">.<\/p>\n\n\n\n<div class=\"wp-block-image\"><figure class=\"aligncenter size-large is-resized\"><a href=\"https:\/\/www.lebensmittelzeitung.net\/handel\/Personalstrategien-in-der-Corona-Krise-Kandidatenmarkt-in-Schockstarre-145827\" target=\"_blank\" rel=\"noreferrer noopener\"><img loading=\"lazy\" decoding=\"async\" src=\"https:\/\/www.signium.com\/wp-content\/uploads\/2020\/04\/image-1-700x143.png\" alt=\"\" class=\"wp-image-2687\" width=\"525\" height=\"107\" srcset=\"https:\/\/www.signium.com\/wp-content\/uploads\/2020\/04\/image-1-700x143.png 700w, https:\/\/www.signium.com\/wp-content\/uploads\/2020\/04\/image-1-250x51.png 250w, https:\/\/www.signium.com\/wp-content\/uploads\/2020\/04\/image-1-768x157.png 768w, https:\/\/www.signium.com\/wp-content\/uploads\/2020\/04\/image-1-120x25.png 120w, https:\/\/www.signium.com\/wp-content\/uploads\/2020\/04\/image-1.png 1083w\" sizes=\"(max-width: 525px) 100vw, 525px\" \/><\/a><\/figure data-aos=\"fade-up\"><\/div>\n\n\n\n<p data-aos=\"fade-up\"><\/p>\n","protected":false},"excerpt":{"rendered":"<p>Managing Partnerin Ann Frances Kelly in einem Beitrag der Lebensmittel Zeitung zum Thema Personalstrategie in der Corona-Krise Die Personalbesetzung hat sich in der Corona-Krise massiv erschwert. &#8220;Der Kandidatenmarkt befindet sich in Schockstarre&#8221; &#8211; das wei\u00df auch Managing Partnerin Ann Frances Kelly. In einem Interview der Lebensmittel Zeitung \u00e4u\u00dfert Sie sich dazu, wie akute Herausforderungen bew\u00e4ltigt [&hellip;]<\/p>\n","protected":false},"featured_media":2683,"parent":0,"menu_order":0,"comment_status":"open","ping_status":"closed","template":"","region":[38],"news_type":[44],"acf":[],"yoast_head":"<!-- This site is optimized with the Yoast SEO Premium plugin v20.5 (Yoast SEO v20.5) - https:\/\/yoast.com\/wordpress\/plugins\/seo\/ -->\n<title>Personalbesetzung in der Corona-Krise &ndash; Signium<\/title>\n<meta name=\"description\" content=\"Signium Managing Partnerin Ann Frances Kelly in einem Beitrag der Lebensmittel Zeitung zum Thema Personalstrategie in der Corona-Krise.\" \/>\n<meta name=\"robots\" content=\"index, follow, max-snippet:-1, max-image-preview:large, max-video-preview:-1\" \/>\n<link rel=\"canonical\" href=\"https:\/\/staging.signium.com\/de\/news\/personalsuche-in-der-corona-krise\/\" \/>\n<meta property=\"og:locale\" content=\"de_DE\" \/>\n<meta property=\"og:type\" content=\"article\" \/>\n<meta property=\"og:title\" content=\"Konsumg\u00fcterindustrie: Personalbesetzung in der Corona-Krise\" \/>\n<meta property=\"og:description\" content=\"Signium Managing Partnerin Ann Frances Kelly in einem Beitrag der Lebensmittel Zeitung zum Thema Personalstrategie in der Corona-Krise.\" \/>\n<meta property=\"og:url\" content=\"https:\/\/staging.signium.com\/de\/news\/personalsuche-in-der-corona-krise\/\" \/>\n<meta property=\"og:site_name\" content=\"Signium\" \/>\n<meta property=\"article:modified_time\" content=\"2023-07-06T16:56:09+00:00\" \/>\n<meta property=\"og:image\" content=\"http:\/\/staging.signium.com\/wp-content\/uploads\/2020\/04\/backround_image_news_lebensmittel_zeitung.jpg\" \/>\n\t<meta property=\"og:image:width\" content=\"1033\" \/>\n\t<meta property=\"og:image:height\" content=\"669\" \/>\n\t<meta property=\"og:image:type\" content=\"image\/jpeg\" \/>\n<meta name=\"twitter:card\" content=\"summary_large_image\" \/>\n<meta name=\"twitter:site\" content=\"@signiumspeaks\" \/>\n<script type=\"application\/ld+json\" class=\"yoast-schema-graph\">{\"@context\":\"https:\/\/schema.org\",\"@graph\":[{\"@type\":\"WebPage\",\"@id\":\"https:\/\/staging.signium.com\/de\/news\/personalsuche-in-der-corona-krise\/\",\"url\":\"https:\/\/staging.signium.com\/de\/news\/personalsuche-in-der-corona-krise\/\",\"name\":\"Personalbesetzung in der Corona-Krise &ndash; Signium\",\"isPartOf\":{\"@id\":\"https:\/\/staging.signium.com\/#website\"},\"datePublished\":\"2020-04-20T19:32:10+00:00\",\"dateModified\":\"2023-07-06T16:56:09+00:00\",\"description\":\"Signium Managing Partnerin Ann Frances Kelly in einem Beitrag der Lebensmittel Zeitung zum Thema Personalstrategie in der Corona-Krise.\",\"breadcrumb\":{\"@id\":\"https:\/\/staging.signium.com\/de\/news\/personalsuche-in-der-corona-krise\/#breadcrumb\"},\"inLanguage\":\"de-DE\",\"potentialAction\":[{\"@type\":\"ReadAction\",\"target\":[\"https:\/\/staging.signium.com\/de\/news\/personalsuche-in-der-corona-krise\/\"]}]},{\"@type\":\"BreadcrumbList\",\"@id\":\"https:\/\/staging.signium.com\/de\/news\/personalsuche-in-der-corona-krise\/#breadcrumb\",\"itemListElement\":[{\"@type\":\"ListItem\",\"position\":1,\"name\":\"Home\",\"item\":\"https:\/\/www.signium.com\/de\/\"},{\"@type\":\"ListItem\",\"position\":2,\"name\":\"News\",\"item\":\"https:\/\/staging.signium.com\/news\/\"},{\"@type\":\"ListItem\",\"position\":3,\"name\":\"Konsumg\u00fcterindustrie: Personalbesetzung in der Corona-Krise\"}]},{\"@type\":\"WebSite\",\"@id\":\"https:\/\/staging.signium.com\/#website\",\"url\":\"https:\/\/staging.signium.com\/\",\"name\":\"Signium\",\"description\":\"Global Executive Search and Leadership Consulting\",\"publisher\":{\"@id\":\"https:\/\/staging.signium.com\/#organization\"},\"potentialAction\":[{\"@type\":\"SearchAction\",\"target\":{\"@type\":\"EntryPoint\",\"urlTemplate\":\"https:\/\/staging.signium.com\/?s={search_term_string}\"},\"query-input\":\"required name=search_term_string\"}],\"inLanguage\":\"de-DE\"},{\"@type\":\"Organization\",\"@id\":\"https:\/\/staging.signium.com\/#organization\",\"name\":\"Signium\",\"url\":\"https:\/\/staging.signium.com\/\",\"logo\":{\"@type\":\"ImageObject\",\"inLanguage\":\"de-DE\",\"@id\":\"https:\/\/staging.signium.com\/#\/schema\/logo\/image\/\",\"url\":\"https:\/\/www.signium.com\/wp-content\/uploads\/2020\/05\/logo-darkblue.png\",\"contentUrl\":\"https:\/\/www.signium.com\/wp-content\/uploads\/2020\/05\/logo-darkblue.png\",\"width\":300,\"height\":66,\"caption\":\"Signium\"},\"image\":{\"@id\":\"https:\/\/staging.signium.com\/#\/schema\/logo\/image\/\"},\"sameAs\":[\"https:\/\/twitter.com\/signiumspeaks\",\"https:\/\/www.linkedin.com\/company\/signium\",\"https:\/\/www.youtube.com\/channel\/UC1mryZmvR40LptxwpsxMaiw\"]}]}<\/script>\n<!-- \/ Yoast SEO Premium plugin. -->","yoast_head_json":{"title":"Personalbesetzung in der Corona-Krise &ndash; Signium","description":"Signium Managing Partnerin Ann Frances Kelly in einem Beitrag der Lebensmittel Zeitung zum Thema Personalstrategie in der Corona-Krise.","robots":{"index":"index","follow":"follow","max-snippet":"max-snippet:-1","max-image-preview":"max-image-preview:large","max-video-preview":"max-video-preview:-1"},"canonical":"https:\/\/staging.signium.com\/de\/news\/personalsuche-in-der-corona-krise\/","og_locale":"de_DE","og_type":"article","og_title":"Konsumg\u00fcterindustrie: Personalbesetzung in der Corona-Krise","og_description":"Signium Managing Partnerin Ann Frances Kelly in einem Beitrag der Lebensmittel Zeitung zum Thema Personalstrategie in der Corona-Krise.","og_url":"https:\/\/staging.signium.com\/de\/news\/personalsuche-in-der-corona-krise\/","og_site_name":"Signium","article_modified_time":"2023-07-06T16:56:09+00:00","og_image":[{"width":1033,"height":669,"url":"http:\/\/staging.signium.com\/wp-content\/uploads\/2020\/04\/backround_image_news_lebensmittel_zeitung.jpg","type":"image\/jpeg"}],"twitter_card":"summary_large_image","twitter_site":"@signiumspeaks","schema":{"@context":"https:\/\/schema.org","@graph":[{"@type":"WebPage","@id":"https:\/\/staging.signium.com\/de\/news\/personalsuche-in-der-corona-krise\/","url":"https:\/\/staging.signium.com\/de\/news\/personalsuche-in-der-corona-krise\/","name":"Personalbesetzung in der Corona-Krise &ndash; Signium","isPartOf":{"@id":"https:\/\/staging.signium.com\/#website"},"datePublished":"2020-04-20T19:32:10+00:00","dateModified":"2023-07-06T16:56:09+00:00","description":"Signium Managing Partnerin Ann Frances Kelly in einem Beitrag der Lebensmittel Zeitung zum Thema Personalstrategie in der Corona-Krise.","breadcrumb":{"@id":"https:\/\/staging.signium.com\/de\/news\/personalsuche-in-der-corona-krise\/#breadcrumb"},"inLanguage":"de-DE","potentialAction":[{"@type":"ReadAction","target":["https:\/\/staging.signium.com\/de\/news\/personalsuche-in-der-corona-krise\/"]}]},{"@type":"BreadcrumbList","@id":"https:\/\/staging.signium.com\/de\/news\/personalsuche-in-der-corona-krise\/#breadcrumb","itemListElement":[{"@type":"ListItem","position":1,"name":"Home","item":"https:\/\/www.signium.com\/de\/"},{"@type":"ListItem","position":2,"name":"News","item":"https:\/\/staging.signium.com\/news\/"},{"@type":"ListItem","position":3,"name":"Konsumg\u00fcterindustrie: Personalbesetzung in der Corona-Krise"}]},{"@type":"WebSite","@id":"https:\/\/staging.signium.com\/#website","url":"https:\/\/staging.signium.com\/","name":"Signium","description":"Global Executive Search and Leadership Consulting","publisher":{"@id":"https:\/\/staging.signium.com\/#organization"},"potentialAction":[{"@type":"SearchAction","target":{"@type":"EntryPoint","urlTemplate":"https:\/\/staging.signium.com\/?s={search_term_string}"},"query-input":"required name=search_term_string"}],"inLanguage":"de-DE"},{"@type":"Organization","@id":"https:\/\/staging.signium.com\/#organization","name":"Signium","url":"https:\/\/staging.signium.com\/","logo":{"@type":"ImageObject","inLanguage":"de-DE","@id":"https:\/\/staging.signium.com\/#\/schema\/logo\/image\/","url":"https:\/\/www.signium.com\/wp-content\/uploads\/2020\/05\/logo-darkblue.png","contentUrl":"https:\/\/www.signium.com\/wp-content\/uploads\/2020\/05\/logo-darkblue.png","width":300,"height":66,"caption":"Signium"},"image":{"@id":"https:\/\/staging.signium.com\/#\/schema\/logo\/image\/"},"sameAs":["https:\/\/twitter.com\/signiumspeaks","https:\/\/www.linkedin.com\/company\/signium","https:\/\/www.youtube.com\/channel\/UC1mryZmvR40LptxwpsxMaiw"]}]}},"_links":{"self":[{"href":"https:\/\/www.signium.com\/de\/wp-json\/wp\/v2\/news\/2682"}],"collection":[{"href":"https:\/\/www.signium.com\/de\/wp-json\/wp\/v2\/news"}],"about":[{"href":"https:\/\/www.signium.com\/de\/wp-json\/wp\/v2\/types\/news"}],"replies":[{"embeddable":true,"href":"https:\/\/www.signium.com\/de\/wp-json\/wp\/v2\/comments?post=2682"}],"wp:featuredmedia":[{"embeddable":true,"href":"https:\/\/www.signium.com\/de\/wp-json\/wp\/v2\/media\/2683"}],"wp:attachment":[{"href":"https:\/\/www.signium.com\/de\/wp-json\/wp\/v2\/media?parent=2682"}],"wp:term":[{"taxonomy":"region","embeddable":true,"href":"https:\/\/www.signium.com\/de\/wp-json\/wp\/v2\/region?post=2682"},{"taxonomy":"news_type","embeddable":true,"href":"https:\/\/www.signium.com\/de\/wp-json\/wp\/v2\/news_type?post=2682"}],"curies":[{"name":"wp","href":"https:\/\/api.w.org\/{rel}","templated":true}]}}