{"id":2691,"date":"2019-12-19T05:11:00","date_gmt":"2019-12-19T10:11:00","guid":{"rendered":"https:\/\/www.signium.com\/?post_type=news&#038;p=2691"},"modified":"2023-07-06T11:56:56","modified_gmt":"2023-07-06T16:56:56","slug":"abwerbeverbote-ein-unbewusster-fehler","status":"publish","type":"news","link":"https:\/\/www.signium.com\/de\/news\/abwerbeverbote-ein-unbewusster-fehler\/","title":{"rendered":"Abwerbeverbote: Ein unbewusster Fehler"},"content":{"rendered":"\n<h2 class=\"wp-block-heading\">Managing Partnerin <em><a href=\"https:\/\/www.signium.com\/consultant\/angela-westdorf\/\">Angela Westdorf<\/a><\/em data-aos=\"fade-up\">  in einem Interview der Wirtschaftswoche zum Thema Abwerbeverbote<\/h2>\n\n\n\n<p>Abwerbeverbote sind nichts ungew\u00f6hnliches. Gleichwohl k\u00f6nnen sie Angestellte ausbremsen. Gerade in mittelst\u00e4ndigen Unternehmen kommen diese Absprachen h\u00e4ufig zum Vorschein. Aufgrund dessen kommt es oft vor, dass Personalberatern bereits im Voraus gesagt wird, welche Personen sie bei der Suche au\u00dfer Acht lassen k\u00f6nnen. In einem Interview der Wirtschaftswoche berichtet Managing Partnerin <a href=\"https:\/\/www.signium.com\/consultant\/angela-westdorf\/\">Angela Westdorf<\/a>, in welchen Bereichen diese Absprachen h\u00e4ufig erfolgen sowie auch \u00fcber die dahinter liegenden Beweggr\u00fcnde. Erfahren Sie mehr im folgenden Artikel.<br data-aos=\"fade-up\"><\/p>\n\n\n\n<p><a href=\"https:\/\/www.wiwo.de\/erfolg\/management\/abwerbeverbote-es-besteht-kein-bewusstsein-dass-man-hier-einen-fehler-begeht\/25346028.html\" target=\"_blank\" rel=\"noreferrer noopener\" aria-label=\" (opens in a new tab)\"><em>Zum vollst\u00e4ndigen Artikel.<\/em><\/a data-aos=\"fade-up\"><\/p>\n\n\n\n<figure class=\"wp-block-image size-large\"><a href=\"https:\/\/www.wiwo.de\/erfolg\/management\/abwerbeverbote-es-besteht-kein-bewusstsein-dass-man-hier-einen-fehler-begeht\/25346028.html\" target=\"_blank\" rel=\"noreferrer noopener\"><img loading=\"lazy\" decoding=\"async\" width=\"700\" height=\"200\" src=\"https:\/\/www.signium.com\/wp-content\/uploads\/2020\/04\/image-2-700x200.png\" alt=\"\" class=\"wp-image-2692\" srcset=\"https:\/\/www.signium.com\/wp-content\/uploads\/2020\/04\/image-2-700x200.png 700w, https:\/\/www.signium.com\/wp-content\/uploads\/2020\/04\/image-2-250x72.png 250w, https:\/\/www.signium.com\/wp-content\/uploads\/2020\/04\/image-2-768x220.png 768w, https:\/\/www.signium.com\/wp-content\/uploads\/2020\/04\/image-2-120x34.png 120w, https:\/\/www.signium.com\/wp-content\/uploads\/2020\/04\/image-2.png 999w\" sizes=\"(max-width: 700px) 100vw, 700px\" \/><\/a><figcaption> <\/figcaption data-aos=\"fade-up\"><\/figure>\n\n\n\n<p data-aos=\"fade-up\"><\/p>\n","protected":false},"excerpt":{"rendered":"<p>Managing Partnerin Angela Westdorf in einem Interview der Wirtschaftswoche zum Thema Abwerbeverbote Abwerbeverbote sind nichts ungew\u00f6hnliches. Gleichwohl k\u00f6nnen sie Angestellte ausbremsen. Gerade in mittelst\u00e4ndigen Unternehmen kommen diese Absprachen h\u00e4ufig zum Vorschein. Aufgrund dessen kommt es oft vor, dass Personalberatern bereits im Voraus gesagt wird, welche Personen sie bei der Suche au\u00dfer Acht lassen k\u00f6nnen. In [&hellip;]<\/p>\n","protected":false},"featured_media":2329,"parent":0,"menu_order":0,"comment_status":"open","ping_status":"closed","template":"","region":[38],"news_type":[42],"acf":[],"yoast_head":"<!-- This site is optimized with the Yoast SEO Premium plugin v20.5 (Yoast SEO v20.5) - https:\/\/yoast.com\/wordpress\/plugins\/seo\/ -->\n<title>Abwerbeverbote: Ein unbewusster Fehler &ndash; Signium<\/title>\n<meta name=\"description\" content=\"Managin Partnerin Angela Westdorf in einem Interview der Wirtschaftswoche zum Thema Abwerbeverbote. Erfahren Sie mehr..\" \/>\n<meta name=\"robots\" content=\"index, follow, max-snippet:-1, max-image-preview:large, max-video-preview:-1\" \/>\n<link rel=\"canonical\" href=\"https:\/\/staging.signium.com\/de\/news\/abwerbeverbote-ein-unbewusster-fehler\/\" \/>\n<meta property=\"og:locale\" content=\"de_DE\" \/>\n<meta property=\"og:type\" content=\"article\" \/>\n<meta property=\"og:title\" content=\"Abwerbeverbote: Ein unbewusster Fehler\" \/>\n<meta property=\"og:description\" content=\"Managin Partnerin Angela Westdorf in einem Interview der Wirtschaftswoche zum Thema Abwerbeverbote. Erfahren Sie mehr..\" \/>\n<meta property=\"og:url\" content=\"https:\/\/staging.signium.com\/de\/news\/abwerbeverbote-ein-unbewusster-fehler\/\" \/>\n<meta property=\"og:site_name\" content=\"Signium\" \/>\n<meta property=\"article:modified_time\" content=\"2023-07-06T16:56:56+00:00\" \/>\n<meta property=\"og:image\" content=\"http:\/\/staging.signium.com\/wp-content\/uploads\/2019\/12\/newscover_wirtschaftswoche_backroundfooter.jpg\" \/>\n\t<meta property=\"og:image:width\" content=\"1115\" \/>\n\t<meta property=\"og:image:height\" content=\"626\" \/>\n\t<meta property=\"og:image:type\" content=\"image\/jpeg\" \/>\n<meta name=\"twitter:card\" content=\"summary_large_image\" \/>\n<meta name=\"twitter:site\" content=\"@signiumspeaks\" \/>\n<script type=\"application\/ld+json\" class=\"yoast-schema-graph\">{\"@context\":\"https:\/\/schema.org\",\"@graph\":[{\"@type\":\"WebPage\",\"@id\":\"https:\/\/staging.signium.com\/de\/news\/abwerbeverbote-ein-unbewusster-fehler\/\",\"url\":\"https:\/\/staging.signium.com\/de\/news\/abwerbeverbote-ein-unbewusster-fehler\/\",\"name\":\"Abwerbeverbote: Ein unbewusster Fehler &ndash; Signium\",\"isPartOf\":{\"@id\":\"https:\/\/staging.signium.com\/#website\"},\"datePublished\":\"2019-12-19T10:11:00+00:00\",\"dateModified\":\"2023-07-06T16:56:56+00:00\",\"description\":\"Managin Partnerin Angela Westdorf in einem Interview der Wirtschaftswoche zum Thema Abwerbeverbote. Erfahren Sie mehr..\",\"breadcrumb\":{\"@id\":\"https:\/\/staging.signium.com\/de\/news\/abwerbeverbote-ein-unbewusster-fehler\/#breadcrumb\"},\"inLanguage\":\"de-DE\",\"potentialAction\":[{\"@type\":\"ReadAction\",\"target\":[\"https:\/\/staging.signium.com\/de\/news\/abwerbeverbote-ein-unbewusster-fehler\/\"]}]},{\"@type\":\"BreadcrumbList\",\"@id\":\"https:\/\/staging.signium.com\/de\/news\/abwerbeverbote-ein-unbewusster-fehler\/#breadcrumb\",\"itemListElement\":[{\"@type\":\"ListItem\",\"position\":1,\"name\":\"Home\",\"item\":\"https:\/\/www.signium.com\/de\/\"},{\"@type\":\"ListItem\",\"position\":2,\"name\":\"News\",\"item\":\"https:\/\/staging.signium.com\/news\/\"},{\"@type\":\"ListItem\",\"position\":3,\"name\":\"Abwerbeverbote: Ein unbewusster Fehler\"}]},{\"@type\":\"WebSite\",\"@id\":\"https:\/\/staging.signium.com\/#website\",\"url\":\"https:\/\/staging.signium.com\/\",\"name\":\"Signium\",\"description\":\"Global Executive Search and Leadership Consulting\",\"publisher\":{\"@id\":\"https:\/\/staging.signium.com\/#organization\"},\"potentialAction\":[{\"@type\":\"SearchAction\",\"target\":{\"@type\":\"EntryPoint\",\"urlTemplate\":\"https:\/\/staging.signium.com\/?s={search_term_string}\"},\"query-input\":\"required name=search_term_string\"}],\"inLanguage\":\"de-DE\"},{\"@type\":\"Organization\",\"@id\":\"https:\/\/staging.signium.com\/#organization\",\"name\":\"Signium\",\"url\":\"https:\/\/staging.signium.com\/\",\"logo\":{\"@type\":\"ImageObject\",\"inLanguage\":\"de-DE\",\"@id\":\"https:\/\/staging.signium.com\/#\/schema\/logo\/image\/\",\"url\":\"https:\/\/www.signium.com\/wp-content\/uploads\/2020\/05\/logo-darkblue.png\",\"contentUrl\":\"https:\/\/www.signium.com\/wp-content\/uploads\/2020\/05\/logo-darkblue.png\",\"width\":300,\"height\":66,\"caption\":\"Signium\"},\"image\":{\"@id\":\"https:\/\/staging.signium.com\/#\/schema\/logo\/image\/\"},\"sameAs\":[\"https:\/\/twitter.com\/signiumspeaks\",\"https:\/\/www.linkedin.com\/company\/signium\",\"https:\/\/www.youtube.com\/channel\/UC1mryZmvR40LptxwpsxMaiw\"]}]}<\/script>\n<!-- \/ Yoast SEO Premium plugin. -->","yoast_head_json":{"title":"Abwerbeverbote: Ein unbewusster Fehler &ndash; Signium","description":"Managin Partnerin Angela Westdorf in einem Interview der Wirtschaftswoche zum Thema Abwerbeverbote. Erfahren Sie mehr..","robots":{"index":"index","follow":"follow","max-snippet":"max-snippet:-1","max-image-preview":"max-image-preview:large","max-video-preview":"max-video-preview:-1"},"canonical":"https:\/\/staging.signium.com\/de\/news\/abwerbeverbote-ein-unbewusster-fehler\/","og_locale":"de_DE","og_type":"article","og_title":"Abwerbeverbote: Ein unbewusster Fehler","og_description":"Managin Partnerin Angela Westdorf in einem Interview der Wirtschaftswoche zum Thema Abwerbeverbote. Erfahren Sie mehr..","og_url":"https:\/\/staging.signium.com\/de\/news\/abwerbeverbote-ein-unbewusster-fehler\/","og_site_name":"Signium","article_modified_time":"2023-07-06T16:56:56+00:00","og_image":[{"width":1115,"height":626,"url":"http:\/\/staging.signium.com\/wp-content\/uploads\/2019\/12\/newscover_wirtschaftswoche_backroundfooter.jpg","type":"image\/jpeg"}],"twitter_card":"summary_large_image","twitter_site":"@signiumspeaks","schema":{"@context":"https:\/\/schema.org","@graph":[{"@type":"WebPage","@id":"https:\/\/staging.signium.com\/de\/news\/abwerbeverbote-ein-unbewusster-fehler\/","url":"https:\/\/staging.signium.com\/de\/news\/abwerbeverbote-ein-unbewusster-fehler\/","name":"Abwerbeverbote: Ein unbewusster Fehler &ndash; Signium","isPartOf":{"@id":"https:\/\/staging.signium.com\/#website"},"datePublished":"2019-12-19T10:11:00+00:00","dateModified":"2023-07-06T16:56:56+00:00","description":"Managin Partnerin Angela Westdorf in einem Interview der Wirtschaftswoche zum Thema Abwerbeverbote. Erfahren Sie mehr..","breadcrumb":{"@id":"https:\/\/staging.signium.com\/de\/news\/abwerbeverbote-ein-unbewusster-fehler\/#breadcrumb"},"inLanguage":"de-DE","potentialAction":[{"@type":"ReadAction","target":["https:\/\/staging.signium.com\/de\/news\/abwerbeverbote-ein-unbewusster-fehler\/"]}]},{"@type":"BreadcrumbList","@id":"https:\/\/staging.signium.com\/de\/news\/abwerbeverbote-ein-unbewusster-fehler\/#breadcrumb","itemListElement":[{"@type":"ListItem","position":1,"name":"Home","item":"https:\/\/www.signium.com\/de\/"},{"@type":"ListItem","position":2,"name":"News","item":"https:\/\/staging.signium.com\/news\/"},{"@type":"ListItem","position":3,"name":"Abwerbeverbote: Ein unbewusster Fehler"}]},{"@type":"WebSite","@id":"https:\/\/staging.signium.com\/#website","url":"https:\/\/staging.signium.com\/","name":"Signium","description":"Global Executive Search and Leadership Consulting","publisher":{"@id":"https:\/\/staging.signium.com\/#organization"},"potentialAction":[{"@type":"SearchAction","target":{"@type":"EntryPoint","urlTemplate":"https:\/\/staging.signium.com\/?s={search_term_string}"},"query-input":"required name=search_term_string"}],"inLanguage":"de-DE"},{"@type":"Organization","@id":"https:\/\/staging.signium.com\/#organization","name":"Signium","url":"https:\/\/staging.signium.com\/","logo":{"@type":"ImageObject","inLanguage":"de-DE","@id":"https:\/\/staging.signium.com\/#\/schema\/logo\/image\/","url":"https:\/\/www.signium.com\/wp-content\/uploads\/2020\/05\/logo-darkblue.png","contentUrl":"https:\/\/www.signium.com\/wp-content\/uploads\/2020\/05\/logo-darkblue.png","width":300,"height":66,"caption":"Signium"},"image":{"@id":"https:\/\/staging.signium.com\/#\/schema\/logo\/image\/"},"sameAs":["https:\/\/twitter.com\/signiumspeaks","https:\/\/www.linkedin.com\/company\/signium","https:\/\/www.youtube.com\/channel\/UC1mryZmvR40LptxwpsxMaiw"]}]}},"_links":{"self":[{"href":"https:\/\/www.signium.com\/de\/wp-json\/wp\/v2\/news\/2691"}],"collection":[{"href":"https:\/\/www.signium.com\/de\/wp-json\/wp\/v2\/news"}],"about":[{"href":"https:\/\/www.signium.com\/de\/wp-json\/wp\/v2\/types\/news"}],"replies":[{"embeddable":true,"href":"https:\/\/www.signium.com\/de\/wp-json\/wp\/v2\/comments?post=2691"}],"wp:featuredmedia":[{"embeddable":true,"href":"https:\/\/www.signium.com\/de\/wp-json\/wp\/v2\/media\/2329"}],"wp:attachment":[{"href":"https:\/\/www.signium.com\/de\/wp-json\/wp\/v2\/media?parent=2691"}],"wp:term":[{"taxonomy":"region","embeddable":true,"href":"https:\/\/www.signium.com\/de\/wp-json\/wp\/v2\/region?post=2691"},{"taxonomy":"news_type","embeddable":true,"href":"https:\/\/www.signium.com\/de\/wp-json\/wp\/v2\/news_type?post=2691"}],"curies":[{"name":"wp","href":"https:\/\/api.w.org\/{rel}","templated":true}]}}