{"id":3900,"date":"2020-09-23T19:35:20","date_gmt":"2020-09-24T00:35:20","guid":{"rendered":"https:\/\/www.signium.com\/?post_type=news&#038;p=3900"},"modified":"2023-07-06T11:54:59","modified_gmt":"2023-07-06T16:54:59","slug":"krisen-management-im-rechtsmarkt-in-zeiten-von-corona","status":"publish","type":"news","link":"https:\/\/www.signium.com\/de\/news\/krisen-management-im-rechtsmarkt-in-zeiten-von-corona\/","title":{"rendered":"Krisen-Management im Rechtsmarkt in Zeiten von Corona"},"content":{"rendered":"\n<h2 class=\"wp-block-heading\" data-aos=\"fade-up\">Interviewserie des AnwaltSpiegel: Corona und die Folgen f\u00fcr den Rechtsmarkt <\/h2>\n\n\n\n<h3 class=\"wp-block-heading\" data-aos=\"fade-up\">F\u00fcnf Fragen an: Hellmuth Wolf, Managing Partner, Signium, \u00adD\u00fcsseldorf<\/h3>\n\n\n\n<p><strong data-aos=\"fade-up\">Deutscher AnwaltSpiegel:<\/strong>&nbsp;Wie ist Signium bisher durch die Coronakrise\ngekommen?<\/p>\n\n\n\n<p><strong data-aos=\"fade-up\">Wolf:<\/strong>&nbsp;Im\nHinblick auf die Wirtschaftlichkeit haben wir die Krise bislang relativ gut\n\u00fcberstanden und sogar neue Auftr\u00e4ge generieren k\u00f6nnen. Auch in meinem\nLegal-Bereich habe ich einige neue Mandate erhalten. Wir haben unsere\nMitarbeiter ins Home-Office geschickt. Auch die Partner arbeiteten \u00fcberwiegend\nvon zu Hause aus, was bis zu einem gewissen Punkt recht gut funktionierte. Die\nPr\u00e4sentationen von Kandidaten lassen sich allerdings letztlich nur pers\u00f6nlich\nund nicht mittels Videokonferenzen umsetzen. Mittlerweile hat sich der\nB\u00fcroanteil wieder deutlich erh\u00f6ht. Es finden auch wieder pers\u00f6nliche Interviews\nvon Kandidaten und Pr\u00e4sentationen beim Mandanten statt.<\/p>\n\n\n\n<p><strong data-aos=\"fade-up\">Deutscher AnwaltSpiegel:<\/strong>&nbsp;Welche Erkenntnisse haben Sie aus\nManagementsicht bereits gewinnen k\u00f6nnen \u2013 bezogen sowohl auf interne Strukturen\nals auch mit Blick auf den Markt?<\/p>\n\n\n\n<p><strong data-aos=\"fade-up\">Wolf:<\/strong>&nbsp;Ich\nhabe den Eindruck, dass es bei anderen Beratungsunternehmen \u00e4hnlich l\u00e4uft und\ndass gerade die gro\u00dfen Anwaltsgesellschaften \u00fcberwiegend von zu Hause aus\noperierten und mit ihren Mandanten Videokonferenzen abhielten. Mittlerweile\ngibt es auch da wieder mehr pers\u00f6nliche Meetings. Bei uns vermissten einige\nMitarbeiter aber auch die sozialen Kontakte im B\u00fcro.<\/p>\n\n\n\n<p><strong data-aos=\"fade-up\">Deutscher AnwaltSpiegel:<\/strong>&nbsp;Home-Office und das Arbeiten in virtuellen Teams\nscheinen ganz \u00fcberwiegend zu funktionieren. Welche Schl\u00fcsse ziehen Sie daraus\nf\u00fcr die Zeit nach der Krise \u2013 insbesondere im Hinblick auf Pr\u00e4senzzeiten im\nOffice, Dienstreisen und die zuk\u00fcnftige Planung der B\u00fcrofl\u00e4chen?<\/p>\n\n\n\n<p><strong data-aos=\"fade-up\">Wolf:<\/strong>&nbsp;Ich\ngehe davon aus, dass das Home-Office in Zukunft prim\u00e4r f\u00fcr Familien mit Kindern\nzunehmend an Attraktivit\u00e4t gewinnen wird. In meinem Umfeld und auch bei\nRechtsanwaltsgesellschaften h\u00f6re ich jedoch, dass sich viele Partner nach\nregelm\u00e4\u00dfigen B\u00fcrozeiten und vor allem auch nach physischen Treffen mit ihren\nMandanten sehnen. Demzufolge erwarte ich, dass die Pr\u00e4senzzeiten im Office auch\ndort wieder zunehmen. Es werden wieder vermehrt Gesch\u00e4ftsreisen f\u00fcr Interviews\nvon Kandidaten und Pr\u00e4sentationen beim Mandanten durchgef\u00fchrt, und bei unseren\nB\u00fcrofl\u00e4chen wird es keine ver\u00e4nderte Planung geben.<\/p>\n\n\n\n<p><strong data-aos=\"fade-up\">Deutscher AnwaltSpiegel:<\/strong>&nbsp;F\u00fchrt Corona nach Ihrer Einsch\u00e4tzung zu einem \u00adDigitalisierungsschub\nim Rechtsmarkt?<\/p>\n\n\n\n<p><strong data-aos=\"fade-up\">Wolf:<\/strong>&nbsp;Nach\nmeiner Einsch\u00e4tzung wird die Coronakrise bei ganz gro\u00dfen und mittelgro\u00dfen Anwaltsgesellschaften\nkeinen Digitalisierungsschub zur Folge haben. Die Digitalisierung an sich wird\nohnehin an Bedeutung gewinnen, wenngleich ein pers\u00f6nlicher Mandantenkontakt\ndadurch nicht ersetzt werden kann.<\/p>\n\n\n\n<p><strong data-aos=\"fade-up\">Deutscher AnwaltSpiegel:<\/strong>&nbsp;Schlie\u00dflich \u2013 der Blick in die Glaskugel: Wagen\nSie eine Prognose f\u00fcr den weiteren Verlauf des Jahres 2020?<\/p>\n\n\n\n<p><strong data-aos=\"fade-up\">Wolf:<\/strong>&nbsp;Sollten\ndie Lockerungen fortschreiten und in den kommenden Wochen zu einer\nNormalisierung f\u00fchren, so sehe ich \u2013 immer unter Einhaltung von Hygieneregeln \u2013\ngute Chancen, dass sich das Gesch\u00e4ft der Rechtsanwaltskanzleien relativ z\u00fcgig\nwieder normalisieren wird. Beispielsweise im M&amp;A-Bereich sp\u00fcren meine\nMandanten vereinzelt schon wieder einen leichten Anstieg.<\/p>\n\n\n\n<p><a href=\"https:\/\/www.deutscheranwaltspiegel.de\/wp-content\/uploads\/sites\/49\/2020\/09\/DAS-Online_Ausgabe-19-2020_L.pdf#page=14\">Beitrag als PDF (Download)<\/a data-aos=\"fade-up\"><\/p>\n","protected":false},"excerpt":{"rendered":"<p>Interviewserie des AnwaltSpiegel: Corona und die Folgen f\u00fcr den Rechtsmarkt F\u00fcnf Fragen an: Hellmuth Wolf, Managing Partner, Signium, \u00adD\u00fcsseldorf Deutscher AnwaltSpiegel:&nbsp;Wie ist Signium bisher durch die Coronakrise gekommen? Wolf:&nbsp;Im Hinblick auf die Wirtschaftlichkeit haben wir die Krise bislang relativ gut \u00fcberstanden und sogar neue Auftr\u00e4ge generieren k\u00f6nnen. Auch in meinem Legal-Bereich habe ich einige neue [&hellip;]<\/p>\n","protected":false},"featured_media":2325,"parent":0,"menu_order":0,"comment_status":"open","ping_status":"closed","template":"","region":[38],"news_type":[44],"acf":[],"yoast_head":"<!-- This site is optimized with the Yoast SEO Premium plugin v20.5 (Yoast SEO v20.5) - https:\/\/yoast.com\/wordpress\/plugins\/seo\/ -->\n<title>Krisen-Management im Rechtsmarkt in Zeiten von Corona &ndash; Signium<\/title>\n<meta name=\"robots\" content=\"index, follow, max-snippet:-1, max-image-preview:large, max-video-preview:-1\" \/>\n<link rel=\"canonical\" href=\"https:\/\/staging.signium.com\/de\/news\/krisen-management-im-rechtsmarkt-in-zeiten-von-corona\/\" \/>\n<meta property=\"og:locale\" content=\"de_DE\" \/>\n<meta property=\"og:type\" content=\"article\" \/>\n<meta property=\"og:title\" content=\"Krisen-Management im Rechtsmarkt in Zeiten von Corona\" \/>\n<meta property=\"og:description\" content=\"Interviewserie des AnwaltSpiegel: Corona und die Folgen f\u00fcr den Rechtsmarkt F\u00fcnf Fragen an: Hellmuth Wolf, Managing Partner, Signium, \u00adD\u00fcsseldorf Deutscher AnwaltSpiegel:&nbsp;Wie ist Signium bisher durch die Coronakrise gekommen? Wolf:&nbsp;Im Hinblick auf die Wirtschaftlichkeit haben wir die Krise bislang relativ gut \u00fcberstanden und sogar neue Auftr\u00e4ge generieren k\u00f6nnen. Auch in meinem Legal-Bereich habe ich einige neue [&hellip;]\" \/>\n<meta property=\"og:url\" content=\"https:\/\/staging.signium.com\/de\/news\/krisen-management-im-rechtsmarkt-in-zeiten-von-corona\/\" \/>\n<meta property=\"og:site_name\" content=\"Signium\" \/>\n<meta property=\"article:modified_time\" content=\"2023-07-06T16:54:59+00:00\" \/>\n<meta property=\"og:image\" content=\"http:\/\/staging.signium.com\/wp-content\/uploads\/2019\/03\/newscover_deutscher_anwaltsspiegel_backroundfooter.jpg\" \/>\n\t<meta property=\"og:image:width\" content=\"1115\" \/>\n\t<meta property=\"og:image:height\" content=\"626\" \/>\n\t<meta property=\"og:image:type\" content=\"image\/jpeg\" \/>\n<meta name=\"twitter:card\" content=\"summary_large_image\" \/>\n<meta name=\"twitter:site\" content=\"@signiumspeaks\" \/>\n<meta name=\"twitter:label1\" content=\"Est. reading time\" \/>\n\t<meta name=\"twitter:data1\" content=\"2 minutes\" \/>\n<script type=\"application\/ld+json\" class=\"yoast-schema-graph\">{\"@context\":\"https:\/\/schema.org\",\"@graph\":[{\"@type\":\"WebPage\",\"@id\":\"https:\/\/staging.signium.com\/de\/news\/krisen-management-im-rechtsmarkt-in-zeiten-von-corona\/\",\"url\":\"https:\/\/staging.signium.com\/de\/news\/krisen-management-im-rechtsmarkt-in-zeiten-von-corona\/\",\"name\":\"Krisen-Management im Rechtsmarkt in Zeiten von Corona &ndash; Signium\",\"isPartOf\":{\"@id\":\"https:\/\/staging.signium.com\/#website\"},\"datePublished\":\"2020-09-24T00:35:20+00:00\",\"dateModified\":\"2023-07-06T16:54:59+00:00\",\"breadcrumb\":{\"@id\":\"https:\/\/staging.signium.com\/de\/news\/krisen-management-im-rechtsmarkt-in-zeiten-von-corona\/#breadcrumb\"},\"inLanguage\":\"de-DE\",\"potentialAction\":[{\"@type\":\"ReadAction\",\"target\":[\"https:\/\/staging.signium.com\/de\/news\/krisen-management-im-rechtsmarkt-in-zeiten-von-corona\/\"]}]},{\"@type\":\"BreadcrumbList\",\"@id\":\"https:\/\/staging.signium.com\/de\/news\/krisen-management-im-rechtsmarkt-in-zeiten-von-corona\/#breadcrumb\",\"itemListElement\":[{\"@type\":\"ListItem\",\"position\":1,\"name\":\"Home\",\"item\":\"https:\/\/www.signium.com\/de\/\"},{\"@type\":\"ListItem\",\"position\":2,\"name\":\"News\",\"item\":\"https:\/\/staging.signium.com\/news\/\"},{\"@type\":\"ListItem\",\"position\":3,\"name\":\"Krisen-Management im Rechtsmarkt in Zeiten von Corona\"}]},{\"@type\":\"WebSite\",\"@id\":\"https:\/\/staging.signium.com\/#website\",\"url\":\"https:\/\/staging.signium.com\/\",\"name\":\"Signium\",\"description\":\"Global Executive Search and Leadership Consulting\",\"publisher\":{\"@id\":\"https:\/\/staging.signium.com\/#organization\"},\"potentialAction\":[{\"@type\":\"SearchAction\",\"target\":{\"@type\":\"EntryPoint\",\"urlTemplate\":\"https:\/\/staging.signium.com\/?s={search_term_string}\"},\"query-input\":\"required name=search_term_string\"}],\"inLanguage\":\"de-DE\"},{\"@type\":\"Organization\",\"@id\":\"https:\/\/staging.signium.com\/#organization\",\"name\":\"Signium\",\"url\":\"https:\/\/staging.signium.com\/\",\"logo\":{\"@type\":\"ImageObject\",\"inLanguage\":\"de-DE\",\"@id\":\"https:\/\/staging.signium.com\/#\/schema\/logo\/image\/\",\"url\":\"https:\/\/www.signium.com\/wp-content\/uploads\/2020\/05\/logo-darkblue.png\",\"contentUrl\":\"https:\/\/www.signium.com\/wp-content\/uploads\/2020\/05\/logo-darkblue.png\",\"width\":300,\"height\":66,\"caption\":\"Signium\"},\"image\":{\"@id\":\"https:\/\/staging.signium.com\/#\/schema\/logo\/image\/\"},\"sameAs\":[\"https:\/\/twitter.com\/signiumspeaks\",\"https:\/\/www.linkedin.com\/company\/signium\",\"https:\/\/www.youtube.com\/channel\/UC1mryZmvR40LptxwpsxMaiw\"]}]}<\/script>\n<!-- \/ Yoast SEO Premium plugin. -->","yoast_head_json":{"title":"Krisen-Management im Rechtsmarkt in Zeiten von Corona &ndash; Signium","robots":{"index":"index","follow":"follow","max-snippet":"max-snippet:-1","max-image-preview":"max-image-preview:large","max-video-preview":"max-video-preview:-1"},"canonical":"https:\/\/staging.signium.com\/de\/news\/krisen-management-im-rechtsmarkt-in-zeiten-von-corona\/","og_locale":"de_DE","og_type":"article","og_title":"Krisen-Management im Rechtsmarkt in Zeiten von Corona","og_description":"Interviewserie des AnwaltSpiegel: Corona und die Folgen f\u00fcr den Rechtsmarkt F\u00fcnf Fragen an: Hellmuth Wolf, Managing Partner, Signium, \u00adD\u00fcsseldorf Deutscher AnwaltSpiegel:&nbsp;Wie ist Signium bisher durch die Coronakrise gekommen? Wolf:&nbsp;Im Hinblick auf die Wirtschaftlichkeit haben wir die Krise bislang relativ gut \u00fcberstanden und sogar neue Auftr\u00e4ge generieren k\u00f6nnen. Auch in meinem Legal-Bereich habe ich einige neue [&hellip;]","og_url":"https:\/\/staging.signium.com\/de\/news\/krisen-management-im-rechtsmarkt-in-zeiten-von-corona\/","og_site_name":"Signium","article_modified_time":"2023-07-06T16:54:59+00:00","og_image":[{"width":1115,"height":626,"url":"http:\/\/staging.signium.com\/wp-content\/uploads\/2019\/03\/newscover_deutscher_anwaltsspiegel_backroundfooter.jpg","type":"image\/jpeg"}],"twitter_card":"summary_large_image","twitter_site":"@signiumspeaks","twitter_misc":{"Est. reading time":"2 minutes"},"schema":{"@context":"https:\/\/schema.org","@graph":[{"@type":"WebPage","@id":"https:\/\/staging.signium.com\/de\/news\/krisen-management-im-rechtsmarkt-in-zeiten-von-corona\/","url":"https:\/\/staging.signium.com\/de\/news\/krisen-management-im-rechtsmarkt-in-zeiten-von-corona\/","name":"Krisen-Management im Rechtsmarkt in Zeiten von Corona &ndash; Signium","isPartOf":{"@id":"https:\/\/staging.signium.com\/#website"},"datePublished":"2020-09-24T00:35:20+00:00","dateModified":"2023-07-06T16:54:59+00:00","breadcrumb":{"@id":"https:\/\/staging.signium.com\/de\/news\/krisen-management-im-rechtsmarkt-in-zeiten-von-corona\/#breadcrumb"},"inLanguage":"de-DE","potentialAction":[{"@type":"ReadAction","target":["https:\/\/staging.signium.com\/de\/news\/krisen-management-im-rechtsmarkt-in-zeiten-von-corona\/"]}]},{"@type":"BreadcrumbList","@id":"https:\/\/staging.signium.com\/de\/news\/krisen-management-im-rechtsmarkt-in-zeiten-von-corona\/#breadcrumb","itemListElement":[{"@type":"ListItem","position":1,"name":"Home","item":"https:\/\/www.signium.com\/de\/"},{"@type":"ListItem","position":2,"name":"News","item":"https:\/\/staging.signium.com\/news\/"},{"@type":"ListItem","position":3,"name":"Krisen-Management im Rechtsmarkt in Zeiten von Corona"}]},{"@type":"WebSite","@id":"https:\/\/staging.signium.com\/#website","url":"https:\/\/staging.signium.com\/","name":"Signium","description":"Global Executive Search and Leadership Consulting","publisher":{"@id":"https:\/\/staging.signium.com\/#organization"},"potentialAction":[{"@type":"SearchAction","target":{"@type":"EntryPoint","urlTemplate":"https:\/\/staging.signium.com\/?s={search_term_string}"},"query-input":"required name=search_term_string"}],"inLanguage":"de-DE"},{"@type":"Organization","@id":"https:\/\/staging.signium.com\/#organization","name":"Signium","url":"https:\/\/staging.signium.com\/","logo":{"@type":"ImageObject","inLanguage":"de-DE","@id":"https:\/\/staging.signium.com\/#\/schema\/logo\/image\/","url":"https:\/\/www.signium.com\/wp-content\/uploads\/2020\/05\/logo-darkblue.png","contentUrl":"https:\/\/www.signium.com\/wp-content\/uploads\/2020\/05\/logo-darkblue.png","width":300,"height":66,"caption":"Signium"},"image":{"@id":"https:\/\/staging.signium.com\/#\/schema\/logo\/image\/"},"sameAs":["https:\/\/twitter.com\/signiumspeaks","https:\/\/www.linkedin.com\/company\/signium","https:\/\/www.youtube.com\/channel\/UC1mryZmvR40LptxwpsxMaiw"]}]}},"_links":{"self":[{"href":"https:\/\/www.signium.com\/de\/wp-json\/wp\/v2\/news\/3900"}],"collection":[{"href":"https:\/\/www.signium.com\/de\/wp-json\/wp\/v2\/news"}],"about":[{"href":"https:\/\/www.signium.com\/de\/wp-json\/wp\/v2\/types\/news"}],"replies":[{"embeddable":true,"href":"https:\/\/www.signium.com\/de\/wp-json\/wp\/v2\/comments?post=3900"}],"wp:featuredmedia":[{"embeddable":true,"href":"https:\/\/www.signium.com\/de\/wp-json\/wp\/v2\/media\/2325"}],"wp:attachment":[{"href":"https:\/\/www.signium.com\/de\/wp-json\/wp\/v2\/media?parent=3900"}],"wp:term":[{"taxonomy":"region","embeddable":true,"href":"https:\/\/www.signium.com\/de\/wp-json\/wp\/v2\/region?post=3900"},{"taxonomy":"news_type","embeddable":true,"href":"https:\/\/www.signium.com\/de\/wp-json\/wp\/v2\/news_type?post=3900"}],"curies":[{"name":"wp","href":"https:\/\/api.w.org\/{rel}","templated":true}]}}