{"id":6328,"date":"2023-01-30T10:52:21","date_gmt":"2023-01-30T15:52:21","guid":{"rendered":"https:\/\/www.signium.com\/?post_type=news&#038;p=6328"},"modified":"2024-08-06T10:24:50","modified_gmt":"2024-08-06T08:24:50","slug":"fachkraeftemangel-wirtschaftspruefung-fuehrungskraeftemangel","status":"publish","type":"news","link":"https:\/\/www.signium.com\/de\/news\/fachkraeftemangel-wirtschaftspruefung-fuehrungskraeftemangel\/","title":{"rendered":"Der Fachkr\u00e4ftemangel in der Wirtschaftspr\u00fcfung und Steuerberatung wird zum F\u00fchrungskr\u00e4ftemangel"},"content":{"rendered":"\n<h2 class=\"wp-block-heading\" id=\"h-die-situation-auf-dem-kandidatenmarkt-verscharft-sich-berufseinsteiger-und-berufstrager-stellen-hohe-anforderungen-scheuen-das-risiko-einer-partner-karriere-wie-sich-der-personalmangel-auf-die-fuhrungsebene-auswirkt-erklart-hellmuth-wolf-managing-partner-bei-signium-im-interview-mit-der-frankfurter-allgemeine-zeitung\" data-aos=\"fade-up\">Die Situation auf dem Kandidatenmarkt versch\u00e4rft sich. Berufseinsteiger und Berufstr\u00e4ger stellen hohe Anforderungen, scheuen das Risiko einer Partner-Karriere. Wie sich der Personalmangel auf die F\u00fchrungsebene auswirkt, erkl\u00e4rt Hellmuth Wolf, Managing Partner bei Signium, im Interview mit der Frankfurter Allgemeine Zeitung.<\/h2>\n\n\n\n<p>Wirtschaftspr\u00fcfer sind gesucht. Auch in der Steuerberatung fehlt es an Einsteigern und Experten. Wirtschaftspr\u00fcfungs- und Steuerberatungsgesellschaften leiden unter Personalnot. Und das hat Konsequenzen f\u00fcr die F\u00fchrung im Pr\u00fcfer- und Beraterberuf, beobachtet <a href=\"https:\/\/www.signium.com\/de\/berater\/hellmuth-wolf\/\" target=\"_blank\" rel=\"noreferrer noopener\"><strong>Hellmuth Wolf<\/strong><\/a data-aos=\"fade-up\">. Denn die jungen Kandidaten, die f\u00fcr eine Besetzung in Frage kommen, bringen hohe Erwartungen mit.<\/p>\n\n\n\n<h3 class=\"wp-block-heading\"><strong>Hellmuth Wolf: \u201eWir m\u00fcssen insbesondere von einem F\u00fchrungskr\u00e4ftemangel sprechen\u201c<\/strong data-aos=\"fade-up\"><\/h3>\n\n\n\n<p>Was sind die Gr\u00fcnde f\u00fcr den <a href=\"https:\/\/www.signium.com\/de\/news\/wirtschaftspruefung-fuehrungskraefte-fehlen\/\" target=\"_blank\" rel=\"noreferrer noopener\"><strong>zunehmenden Fachkr\u00e4ftemangel<\/strong><\/a data-aos=\"fade-up\"> in der Wirtschaftspr\u00fcfung und Steuerberatung? Neben einer guten Bezahlung sind Kandidaten auch an einer guten Work-Life-Balance interessiert. Gleichzeitig gilt das besondere Augenmerkt vieler Kandidaten dem ESG-Gesch\u00e4ft. Nachhaltigkeit wird zum wichtigen Kriterium bei der Wahl des Arbeitgebers.<\/p>\n\n\n\n<p><a href=\"https:\/\/www.signium.com\/de\/news\/karriere-big-four-partner\/\" target=\"_blank\" rel=\"noreferrer noopener\"><strong>Karriere als Partner in der Pr\u00fcfung<\/strong><\/a data-aos=\"fade-up\"> oder Beratung machen? Viele Nachwuchstalente leiden unter Risikoaversion, wei\u00df Hellmuth Wolf. Denn der Aufstieg zum Equity-Partner erfordert ein gro\u00dfes finanzielles Investment: Mit einer Kapitaleinlage f\u00fcr die Beteiligung. \u201eWir m\u00fcssen deshalb insbesondere von einem F\u00fchrungskr\u00e4ftemangel sprechen\u201c, betont der auf die Pr\u00fcfung und Beratung spezialisierte Headhunter.<\/p>\n\n\n\n<h3 class=\"wp-block-heading\"><strong>Nach Wirecard: Die Zukunft der Wirtschaftspr\u00fcfung<\/strong data-aos=\"fade-up\"><\/h3>\n\n\n\n<p>Seit dem Wirecard-Skandal steht die Wirtschaftspr\u00fcfung in der Diskussion. Die Attraktivit\u00e4t des Pr\u00fcferberufs hat gelitten, nicht zuletzt durch das <a href=\"https:\/\/www.signium.com\/de\/news\/wirecard-setzt-wirtschaftspruefer-unter-druck\/\" target=\"_blank\" rel=\"noreferrer noopener\"><strong>Finanzmarktintegrit\u00e4tsst\u00e4rkungsgesetz<\/strong><\/a data-aos=\"fade-up\">, das versch\u00e4rfte Haftungsregeln vorsieht.<\/p>\n\n\n\n<p>Mehr zur Personalsituation und den Karrierechancen in der Wirtschaftspr\u00fcfung und Steuerberatung lesen im Artikel von Mark Fehr auf<strong> <a href=\"https:\/\/www.faz.net\/aktuell\/karriere-hochschule\/viele-bewerber-sitzen-jetzt-am-laengeren-hebel-18631760.html\" target=\"_blank\" rel=\"noreferrer noopener\">faz.net<\/a><\/strong data-aos=\"fade-up\">.<\/p>\n","protected":false},"excerpt":{"rendered":"<p>Die Situation auf dem Kandidatenmarkt versch\u00e4rft sich. Berufseinsteiger und Berufstr\u00e4ger stellen hohe Anforderungen, scheuen das Risiko einer Partner-Karriere. Wie sich der Personalmangel auf die F\u00fchrungsebene auswirkt, erkl\u00e4rt Hellmuth Wolf, Managing Partner bei Signium, im Interview mit der Frankfurter Allgemeine Zeitung. Wirtschaftspr\u00fcfer sind gesucht. Auch in der Steuerberatung fehlt es an Einsteigern und Experten. Wirtschaftspr\u00fcfungs- und [&hellip;]<\/p>\n","protected":false},"featured_media":6329,"parent":0,"menu_order":0,"comment_status":"open","ping_status":"closed","template":"","region":[38],"news_type":[44],"acf":[],"yoast_head":"<!-- This site is optimized with the Yoast SEO Premium plugin v20.5 (Yoast SEO v20.5) - https:\/\/yoast.com\/wordpress\/plugins\/seo\/ -->\n<title>Der Fachkr\u00e4ftemangel in der Wirtschaftspr\u00fcfung und Steuerberatung wird zum F\u00fchrungskr\u00e4ftemangel &ndash; Signium<\/title>\n<meta name=\"description\" content=\"Den Personalmangel in der Pr\u00fcfung und Beratung auf F\u00fchrungsebene schildert Hellmuth Wolf im Interview in der Frankfurter Allgemeine Zeitung.\" \/>\n<meta name=\"robots\" content=\"index, follow, max-snippet:-1, max-image-preview:large, max-video-preview:-1\" \/>\n<link rel=\"canonical\" href=\"https:\/\/www.signium.com\/de\/news\/fachkraeftemangel-wirtschaftspruefung-fuehrungskraeftemangel\/\" \/>\n<meta property=\"og:locale\" content=\"de_DE\" \/>\n<meta property=\"og:type\" content=\"article\" \/>\n<meta property=\"og:title\" content=\"Der Fachkr\u00e4ftemangel in der Wirtschaftspr\u00fcfung und Steuerberatung wird zum F\u00fchrungskr\u00e4ftemangel\" \/>\n<meta property=\"og:description\" content=\"Den Personalmangel in der Pr\u00fcfung und Beratung auf F\u00fchrungsebene schildert Hellmuth Wolf im Interview in der Frankfurter Allgemeine Zeitung.\" \/>\n<meta property=\"og:url\" content=\"https:\/\/www.signium.com\/de\/news\/fachkraeftemangel-wirtschaftspruefung-fuehrungskraeftemangel\/\" \/>\n<meta property=\"og:site_name\" content=\"Signium\" \/>\n<meta property=\"article:modified_time\" content=\"2024-08-06T08:24:50+00:00\" \/>\n<meta property=\"og:image\" content=\"https:\/\/www.signium.com\/wp-content\/uploads\/2023\/01\/press-article-hellmuth-wolf-faz-fuehrungskraeftemangel.jpg\" \/>\n\t<meta property=\"og:image:width\" content=\"1024\" \/>\n\t<meta property=\"og:image:height\" content=\"683\" \/>\n\t<meta property=\"og:image:type\" content=\"image\/jpeg\" \/>\n<meta name=\"twitter:card\" content=\"summary_large_image\" \/>\n<meta name=\"twitter:site\" content=\"@signiumspeaks\" \/>\n<meta name=\"twitter:label1\" content=\"Est. reading time\" \/>\n\t<meta name=\"twitter:data1\" content=\"2 minutes\" \/>\n<script type=\"application\/ld+json\" class=\"yoast-schema-graph\">{\"@context\":\"https:\/\/schema.org\",\"@graph\":[{\"@type\":\"WebPage\",\"@id\":\"https:\/\/www.signium.com\/de\/news\/fachkraeftemangel-wirtschaftspruefung-fuehrungskraeftemangel\/\",\"url\":\"https:\/\/www.signium.com\/de\/news\/fachkraeftemangel-wirtschaftspruefung-fuehrungskraeftemangel\/\",\"name\":\"Der Fachkr\u00e4ftemangel in der Wirtschaftspr\u00fcfung und Steuerberatung wird zum F\u00fchrungskr\u00e4ftemangel &ndash; Signium\",\"isPartOf\":{\"@id\":\"https:\/\/staging.signium.com\/#website\"},\"datePublished\":\"2023-01-30T15:52:21+00:00\",\"dateModified\":\"2024-08-06T08:24:50+00:00\",\"description\":\"Den Personalmangel in der Pr\u00fcfung und Beratung auf F\u00fchrungsebene schildert Hellmuth Wolf im Interview in der Frankfurter Allgemeine Zeitung.\",\"breadcrumb\":{\"@id\":\"https:\/\/www.signium.com\/de\/news\/fachkraeftemangel-wirtschaftspruefung-fuehrungskraeftemangel\/#breadcrumb\"},\"inLanguage\":\"de-DE\",\"potentialAction\":[{\"@type\":\"ReadAction\",\"target\":[\"https:\/\/www.signium.com\/de\/news\/fachkraeftemangel-wirtschaftspruefung-fuehrungskraeftemangel\/\"]}]},{\"@type\":\"BreadcrumbList\",\"@id\":\"https:\/\/www.signium.com\/de\/news\/fachkraeftemangel-wirtschaftspruefung-fuehrungskraeftemangel\/#breadcrumb\",\"itemListElement\":[{\"@type\":\"ListItem\",\"position\":1,\"name\":\"Home\",\"item\":\"https:\/\/www.signium.com\/de\/\"},{\"@type\":\"ListItem\",\"position\":2,\"name\":\"News\",\"item\":\"https:\/\/staging.signium.com\/news\/\"},{\"@type\":\"ListItem\",\"position\":3,\"name\":\"Der Fachkr\u00e4ftemangel in der Wirtschaftspr\u00fcfung und Steuerberatung wird zum F\u00fchrungskr\u00e4ftemangel\"}]},{\"@type\":\"WebSite\",\"@id\":\"https:\/\/staging.signium.com\/#website\",\"url\":\"https:\/\/staging.signium.com\/\",\"name\":\"Signium\",\"description\":\"Global Executive Search and Leadership Consulting\",\"publisher\":{\"@id\":\"https:\/\/staging.signium.com\/#organization\"},\"potentialAction\":[{\"@type\":\"SearchAction\",\"target\":{\"@type\":\"EntryPoint\",\"urlTemplate\":\"https:\/\/staging.signium.com\/?s={search_term_string}\"},\"query-input\":\"required name=search_term_string\"}],\"inLanguage\":\"de-DE\"},{\"@type\":\"Organization\",\"@id\":\"https:\/\/staging.signium.com\/#organization\",\"name\":\"Signium\",\"url\":\"https:\/\/staging.signium.com\/\",\"logo\":{\"@type\":\"ImageObject\",\"inLanguage\":\"de-DE\",\"@id\":\"https:\/\/staging.signium.com\/#\/schema\/logo\/image\/\",\"url\":\"https:\/\/www.signium.com\/wp-content\/uploads\/2020\/05\/logo-darkblue.png\",\"contentUrl\":\"https:\/\/www.signium.com\/wp-content\/uploads\/2020\/05\/logo-darkblue.png\",\"width\":300,\"height\":66,\"caption\":\"Signium\"},\"image\":{\"@id\":\"https:\/\/staging.signium.com\/#\/schema\/logo\/image\/\"},\"sameAs\":[\"https:\/\/twitter.com\/signiumspeaks\",\"https:\/\/www.linkedin.com\/company\/signium\",\"https:\/\/www.youtube.com\/channel\/UC1mryZmvR40LptxwpsxMaiw\"]}]}<\/script>\n<!-- \/ Yoast SEO Premium plugin. -->","yoast_head_json":{"title":"Der Fachkr\u00e4ftemangel in der Wirtschaftspr\u00fcfung und Steuerberatung wird zum F\u00fchrungskr\u00e4ftemangel &ndash; Signium","description":"Den Personalmangel in der Pr\u00fcfung und Beratung auf F\u00fchrungsebene schildert Hellmuth Wolf im Interview in der Frankfurter Allgemeine Zeitung.","robots":{"index":"index","follow":"follow","max-snippet":"max-snippet:-1","max-image-preview":"max-image-preview:large","max-video-preview":"max-video-preview:-1"},"canonical":"https:\/\/www.signium.com\/de\/news\/fachkraeftemangel-wirtschaftspruefung-fuehrungskraeftemangel\/","og_locale":"de_DE","og_type":"article","og_title":"Der Fachkr\u00e4ftemangel in der Wirtschaftspr\u00fcfung und Steuerberatung wird zum F\u00fchrungskr\u00e4ftemangel","og_description":"Den Personalmangel in der Pr\u00fcfung und Beratung auf F\u00fchrungsebene schildert Hellmuth Wolf im Interview in der Frankfurter Allgemeine Zeitung.","og_url":"https:\/\/www.signium.com\/de\/news\/fachkraeftemangel-wirtschaftspruefung-fuehrungskraeftemangel\/","og_site_name":"Signium","article_modified_time":"2024-08-06T08:24:50+00:00","og_image":[{"width":1024,"height":683,"url":"https:\/\/www.signium.com\/wp-content\/uploads\/2023\/01\/press-article-hellmuth-wolf-faz-fuehrungskraeftemangel.jpg","type":"image\/jpeg"}],"twitter_card":"summary_large_image","twitter_site":"@signiumspeaks","twitter_misc":{"Est. reading time":"2 minutes"},"schema":{"@context":"https:\/\/schema.org","@graph":[{"@type":"WebPage","@id":"https:\/\/www.signium.com\/de\/news\/fachkraeftemangel-wirtschaftspruefung-fuehrungskraeftemangel\/","url":"https:\/\/www.signium.com\/de\/news\/fachkraeftemangel-wirtschaftspruefung-fuehrungskraeftemangel\/","name":"Der Fachkr\u00e4ftemangel in der Wirtschaftspr\u00fcfung und Steuerberatung wird zum F\u00fchrungskr\u00e4ftemangel &ndash; Signium","isPartOf":{"@id":"https:\/\/staging.signium.com\/#website"},"datePublished":"2023-01-30T15:52:21+00:00","dateModified":"2024-08-06T08:24:50+00:00","description":"Den Personalmangel in der Pr\u00fcfung und Beratung auf F\u00fchrungsebene schildert Hellmuth Wolf im Interview in der Frankfurter Allgemeine Zeitung.","breadcrumb":{"@id":"https:\/\/www.signium.com\/de\/news\/fachkraeftemangel-wirtschaftspruefung-fuehrungskraeftemangel\/#breadcrumb"},"inLanguage":"de-DE","potentialAction":[{"@type":"ReadAction","target":["https:\/\/www.signium.com\/de\/news\/fachkraeftemangel-wirtschaftspruefung-fuehrungskraeftemangel\/"]}]},{"@type":"BreadcrumbList","@id":"https:\/\/www.signium.com\/de\/news\/fachkraeftemangel-wirtschaftspruefung-fuehrungskraeftemangel\/#breadcrumb","itemListElement":[{"@type":"ListItem","position":1,"name":"Home","item":"https:\/\/www.signium.com\/de\/"},{"@type":"ListItem","position":2,"name":"News","item":"https:\/\/staging.signium.com\/news\/"},{"@type":"ListItem","position":3,"name":"Der Fachkr\u00e4ftemangel in der Wirtschaftspr\u00fcfung und Steuerberatung wird zum F\u00fchrungskr\u00e4ftemangel"}]},{"@type":"WebSite","@id":"https:\/\/staging.signium.com\/#website","url":"https:\/\/staging.signium.com\/","name":"Signium","description":"Global Executive Search and Leadership Consulting","publisher":{"@id":"https:\/\/staging.signium.com\/#organization"},"potentialAction":[{"@type":"SearchAction","target":{"@type":"EntryPoint","urlTemplate":"https:\/\/staging.signium.com\/?s={search_term_string}"},"query-input":"required name=search_term_string"}],"inLanguage":"de-DE"},{"@type":"Organization","@id":"https:\/\/staging.signium.com\/#organization","name":"Signium","url":"https:\/\/staging.signium.com\/","logo":{"@type":"ImageObject","inLanguage":"de-DE","@id":"https:\/\/staging.signium.com\/#\/schema\/logo\/image\/","url":"https:\/\/www.signium.com\/wp-content\/uploads\/2020\/05\/logo-darkblue.png","contentUrl":"https:\/\/www.signium.com\/wp-content\/uploads\/2020\/05\/logo-darkblue.png","width":300,"height":66,"caption":"Signium"},"image":{"@id":"https:\/\/staging.signium.com\/#\/schema\/logo\/image\/"},"sameAs":["https:\/\/twitter.com\/signiumspeaks","https:\/\/www.linkedin.com\/company\/signium","https:\/\/www.youtube.com\/channel\/UC1mryZmvR40LptxwpsxMaiw"]}]}},"_links":{"self":[{"href":"https:\/\/www.signium.com\/de\/wp-json\/wp\/v2\/news\/6328"}],"collection":[{"href":"https:\/\/www.signium.com\/de\/wp-json\/wp\/v2\/news"}],"about":[{"href":"https:\/\/www.signium.com\/de\/wp-json\/wp\/v2\/types\/news"}],"replies":[{"embeddable":true,"href":"https:\/\/www.signium.com\/de\/wp-json\/wp\/v2\/comments?post=6328"}],"wp:featuredmedia":[{"embeddable":true,"href":"https:\/\/www.signium.com\/de\/wp-json\/wp\/v2\/media\/6329"}],"wp:attachment":[{"href":"https:\/\/www.signium.com\/de\/wp-json\/wp\/v2\/media?parent=6328"}],"wp:term":[{"taxonomy":"region","embeddable":true,"href":"https:\/\/www.signium.com\/de\/wp-json\/wp\/v2\/region?post=6328"},{"taxonomy":"news_type","embeddable":true,"href":"https:\/\/www.signium.com\/de\/wp-json\/wp\/v2\/news_type?post=6328"}],"curies":[{"name":"wp","href":"https:\/\/api.w.org\/{rel}","templated":true}]}}