{"id":9597,"date":"2024-05-15T10:59:28","date_gmt":"2024-05-15T08:59:28","guid":{"rendered":"https:\/\/www.signium.com\/?post_type=news&#038;p=9597"},"modified":"2024-05-18T00:49:21","modified_gmt":"2024-05-17T22:49:21","slug":"gen-z-fuehrung","status":"publish","type":"news","link":"https:\/\/www.signium.com\/de\/news\/gen-z-fuehrung\/","title":{"rendered":"Gen Z \u2013 Die Suche nach der richtigen Einstellung"},"content":{"rendered":"\n<h2 class=\"wp-block-heading\" id=\"h-zum-ersten-mal-wird-die-generation-z-die-babyboomer-in-der-arbeitswelt-an-anzahl-ubertreffen-studien-deuten-darauf-hin-dass-diese-aufgeweckte-generation-einzigartige-eigenschaften-besitzt-die-ihrer-beruflichen-entwicklung-sowohl-schaden-als-auch-nutzen-konnten-die-zukunft-der-neuen-fuhrungsgeneration-wie-wird-sich-die-generation-z-entwickeln-von-carolin-fourie-managing-partner-bei-signium-deutschland\" data-aos=\"fade-up\">Zum ersten Mal wird die Generation Z die Babyboomer in der Arbeitswelt an Anzahl \u00fcbertreffen. Studien deuten darauf hin, dass diese aufgeweckte Generation einzigartige Eigenschaften besitzt, die ihrer beruflichen Entwicklung sowohl schaden als auch n\u00fctzen k\u00f6nnten. Die Zukunft der neuen F\u00fchrungsgeneration: Wie wird sich die Generation Z entwickeln? Von Carolin Fourie, Managing Partner bei Signium Deutschland.<\/h2>\n\n\n\n<p data-aos=\"fade-up\">Die Mitglieder der Gen Z, geboren zwischen Mitte der 1990er und Anfang der 2010er Jahre, werden als Digital Natives charakterisiert, die ein starkes Gesp\u00fcr f\u00fcr soziale Gerechtigkeit haben und Wert auf Authentizit\u00e4t und Vielfalt in der Gesellschaft legen. Bis 2025 wird diese Generation voraussichtlich einen Anteil von rund 27 % der weltweiten Arbeitskr\u00e4fte ausmachen. Mit diesem besonderen Profil an Eigenschaften, Werten und Vorstellungen haben sie das Potenzial, einen bedeutenden Beitrag als Top-F\u00fchrungskr\u00e4fte zu leisten.<\/p>\n\n\n\n<p data-aos=\"fade-up\">Allerdings zeigen sich Kandidaten der Gen Z z\u00f6gerlich darin, F\u00fchrungsverantwortung zu \u00fcbernehmen. Ungeachtet ihres jungen Alters sind sie seltener in leitenden Positionen t\u00e4tig, als es zu erwarten w\u00e4re. Dies liegt nicht an fehlenden Stellenangeboten. Tats\u00e4chlich ist die Platzierung dieser dynamischen jungen Menschen in F\u00fchrungspositionen schwieriger.<\/p>\n\n\n\n<h3 class=\"wp-block-heading\" data-aos=\"fade-up\">Wo verstecken sich die Gen Z-Talente mit F\u00fchrungsqualit\u00e4ten?<\/h3>\n\n\n\n<p>Laut einer <a href=\"https:\/\/news.samsung.com\/us\/gen-z-defining-future-work-own-terms-reveals-morning-consult-samsung-survey\/\" target=\"_blank\" rel=\"noreferrer noopener\"><strong>Umfrage von Samsung aus dem Jahr 2023<\/strong><\/a data-aos=\"fade-up\"> pr\u00e4gt die Gen Z \u201edie Zukunft der Arbeit \u2013 nach ihren eigenen Bedingungen\u201c. Dies verdeutlicht, warum die Gen Z trotz ihrer Anpassungsf\u00e4higkeit und zukunftsorientierten Denkweise im F\u00fchrungsumfeld immer noch weitgehend abwesend scheint.<\/p>\n\n\n\n<p data-aos=\"fade-up\">Die Umfrage von Samsung zeigt, dass die Werte und Ambitionen der Gen Z erheblich von fr\u00fcheren Generationen abweichen. Die bedeutendste Erkenntnis ist, dass mehr als 50 % dieser Generation den Wunsch haben, Unternehmer zu werden oder ihr eigenes Unternehmen zu gr\u00fcnden. Dies halbiert sozusagen die Anzahl der Talente, die theoretisch dazu bereit w\u00e4ren, sich in F\u00fchrungspositionen hochzuarbeiten.<\/p>\n\n\n\n<p data-aos=\"fade-up\">Ich sage &#8216;theoretisch&#8217;, weil wir in der Realit\u00e4t sehen, dass Personen in dieser Altersgruppe oft erwarten, \u201e\u00fcber Nacht\u201c in leitende Positionen aufzusteigen. Sie zeigen sich schnell entmutigt, wenn sie feststellen, dass es Jahre \u2013 manchmal sogar Jahrzehnte \u2013 dauert, bis sie ihr erstes Managergehalt verdienen.<\/p>\n\n\n\n<p>Ein weiterer Faktor, der zum niedrigen Anteil der Gen Z in F\u00fchrung beitr\u00e4gt, ist, dass sich viele von ihnen in Bereiche orientieren, in denen Spezialisierungen und F\u00fchrungsrollen begrenzt bzw. nicht in allen Hierarchieebenen verf\u00fcgbar sind. 44 % der Gen Z-Befragten streben eine T\u00e4tigkeit in den Bereichen Kunst und Medien an, und weitere 30 % zeigen Interesse an Design. Lediglich 28 % streben Karrieren in den <strong><a href=\"https:\/\/www.signium.com\/de\/branche\/industrial-manufacturing\/\" target=\"_blank\" rel=\"noreferrer noopener\">MINT<\/a><\/strong data-aos=\"fade-up\">-F\u00e4chern an, wo traditionell die lukrativsten und stabilsten F\u00fchrungsm\u00f6glichkeiten zu finden sind.<\/p>\n\n\n\n<p>Die Gen Z \u00fcberzeugt mit gro\u00dfartigen pers\u00f6nlichen Werten. Laut einer <strong><a href=\"https:\/\/www.mckinsey.com\/capabilities\/people-and-organizational-performance\/our-insights\/true-gen-generation-z-and-its-implications-for-companies\" target=\"_blank\" rel=\"noreferrer noopener\">McKinsey-Umfrage<\/a><\/strong data-aos=\"fade-up\"> wird die Gen Z auch als &#8220;True Gen&#8221; bezeichnet, wegen ihres unersch\u00fctterlichen Engagements f\u00fcr Authentizit\u00e4t. Laut dieser Studie steht die Suche nach Wahrheit f\u00fcr sie im Mittelpunkt. Die Mitglieder der Gen Z lehnen festgelegte Identit\u00e4ten ab, umarmen radikale Inklusivit\u00e4t, wollen weniger Konfrontationen und mehr Dialog und suchen nach Wegen, das Leben selbstbestimmt zu leben.<\/p>\n\n\n\n<p>Dar\u00fcber hinaus legen sie mehr Wert auf <strong><a href=\"https:\/\/www.signium.com\/de\/news\/new-work-auf-fuehrungsebene\/\" target=\"_blank\" rel=\"noreferrer noopener\">Work-Life-Balance<\/a><\/strong> als jede andere Generation (50 %), suchen aktiv nach Karrierefortschritt und M\u00f6glichkeiten zur Entwicklung von F\u00e4higkeiten (50 %) und erkennen an, dass die Bereitschaft zu lernen ein wichtiger Schl\u00fcssel zum Erfolg ist (47 %). Sie bringen das immense Potenzial einer Generation mit, die mit den F\u00e4higkeiten ausgestattet ist, die <strong><a href=\"https:\/\/www.signium.com\/de\/news\/ki-arbeitsplatz-kontrahentin\/\" target=\"_blank\" rel=\"noreferrer noopener\">digitalen Grenzen<\/a><\/strong data-aos=\"fade-up\"> neu zu definieren.<\/p>\n\n\n\n<h3 class=\"wp-block-heading\" data-aos=\"fade-up\">Das Gen Z-Dilemma: Unrealistische Vorstellungen von Arbeit und Gehalt<\/h3>\n\n\n\n<p data-aos=\"fade-up\">Viele Berufseinsteiger der Gen Z treten in den Arbeitsmarkt mit extrem hohen Erwartungen ein, die f\u00fcr Personalmanager unm\u00f6glich zu erf\u00fcllen bzw. zu verhandeln sind. Die zwei bemerkenswertesten Trends, die es Gen Z Menschen erschweren, beruflich weiterzukommen und sich in eine F\u00fchrungsposition zu entwickeln, lassen sich wie folgt zusammenfassen:<\/p>\n\n\n\n<ul>\n<li>Unrealistisches Leistungsverst\u00e4ndnis: Die Forderungen der Gen Z rund um Work-Life-Balance, zu denen remote und hybride Arbeitsm\u00f6glichkeiten und 6-Stunden-Tage geh\u00f6ren, \u00fcbersteigen alles, was wir zuvor gesehen haben.<br data-aos=\"fade-up\"><\/li>\n\n\n\n<li data-aos=\"fade-up\">Falsche Gehaltserwartungen \u2013 Die sehr stark steigenden Lebenshaltungskosten setzen ganze Gesellschaftsschichten unter Druck, was eventuell ein Grund daf\u00fcr ist, dass mehr junge Menschen erwarten, direkt von Praktika zu sechsstelligen Geh\u00e4ltern mit allen Vorz\u00fcgen eines leitenden Angestellten \u00fcberzugehen.<\/li>\n<\/ul>\n\n\n\n<p data-aos=\"fade-up\">Diese Erwartungen verst\u00e4rken die Diskrepanz zwischen dem wachsenden Anteil der Gen Z an der arbeitenden Bev\u00f6lkerung und den Unternehmen, die auf die Arbeitskraft der jungen Generation angewiesen sind. Die Suche nach dem richtigen Mindset und der richtigen pers\u00f6nlichen Einstellung r\u00fcckt in den Mittelpunkt.<\/p>\n\n\n\n<p data-aos=\"fade-up\">So sehr die Arbeitswelt von dieser Generation profitieren kann, die sich f\u00fcr Nachhaltigkeit und unternehmerische Verantwortung stark macht, Ungleichheit oder Diskriminierung jeglicher Art ablehnt und die Ressourcen hat, um eine KI-Revolution anzuf\u00fchren, h\u00e4ngt die Suche nach F\u00fchrungskr\u00e4ften unter jungen Menschen der Gen Z davon ab, ob sie ambitioniert sind, um sich mit dem erforderlichen Einsatz f\u00fcr ihre beruflichen Ziele zu engagieren.<\/p>\n\n\n\n<p data-aos=\"fade-up\">Ich pers\u00f6nlich gehe davon aus, dass es wie bei jedem Generationenwechsel in ein paar Jahren eine Ausgleichsbewegung geben wird. Die Erwartungen der Kandidaten werden moderater werden und die Unternehmen werden sich an die Gen Z anpassen.<\/p>\n\n\n\n<figure class=\"wp-block-image size-thumbnail\"><img loading=\"lazy\" decoding=\"async\" width=\"150\" height=\"150\" src=\"https:\/\/www.signium.com\/wp-content\/uploads\/2021\/09\/Caolin-Fourie-150x150.jpg\" alt=\"\" class=\"wp-image-5754\" srcset=\"https:\/\/www.signium.com\/wp-content\/uploads\/2021\/09\/Caolin-Fourie-150x150.jpg 150w, https:\/\/www.signium.com\/wp-content\/uploads\/2021\/09\/Caolin-Fourie-250x250.jpg 250w, https:\/\/www.signium.com\/wp-content\/uploads\/2021\/09\/Caolin-Fourie-120x120.jpg 120w, https:\/\/www.signium.com\/wp-content\/uploads\/2021\/09\/Caolin-Fourie.jpg 700w\" sizes=\"(max-width: 150px) 100vw, 150px\" \/ data-aos=\"fade-up\"><\/figure>\n\n\n\n<h3 class=\"wp-block-heading\" data-aos=\"fade-up\">\u00dcber Carolin Fourie<\/h3>\n\n\n\n<p data-aos=\"fade-up\">Carolin Fourie ist Managing Partner bei Signium am Standort M\u00fcnchen. Sie arbeitet seit 2001 in der Executive-Search-Beratung. Zu ihren langj\u00e4hrigen Kunden z\u00e4hlen gro\u00dfe familiengef\u00fchrte Mittelst\u00e4ndler, Private Equity- sowie auch namhafte b\u00f6rsennotierte Unternehmen. Carolin Fourie ist auf die Industrie und den Technologiesektor spezialisiert. Im Bereich Industrie leitete Carolin Fourie f\u00fcr mehrere Jahre als Global Industrial Practice Group Head die weltweiten Aktivit\u00e4ten von Signium.<\/p>\n","protected":false},"excerpt":{"rendered":"<p>Zum ersten Mal wird die Generation Z die Babyboomer in der Arbeitswelt an Anzahl \u00fcbertreffen. Studien deuten darauf hin, dass diese aufgeweckte Generation einzigartige Eigenschaften besitzt, die ihrer beruflichen Entwicklung sowohl schaden als auch n\u00fctzen k\u00f6nnten. Die Zukunft der neuen F\u00fchrungsgeneration: Wie wird sich die Generation Z entwickeln? Von Carolin Fourie, Managing Partner bei Signium [&hellip;]<\/p>\n","protected":false},"featured_media":9598,"parent":0,"menu_order":0,"comment_status":"open","ping_status":"closed","template":"","region":[38],"news_type":[43],"acf":[],"yoast_head":"<!-- This site is optimized with the Yoast SEO Premium plugin v20.5 (Yoast SEO v20.5) - https:\/\/yoast.com\/wordpress\/plugins\/seo\/ -->\n<title>Gen Z \u2013 Die Suche nach der richtigen Einstellung &ndash; Signium<\/title>\n<meta name=\"description\" content=\"Hat die Generation Z das richtige Mindset f\u00fcr eine F\u00fchrungsrolle? Signium Expertin Carolin Fourie diskutiert die Voraussetzungen im Top-Management.\" \/>\n<meta name=\"robots\" content=\"index, follow, max-snippet:-1, max-image-preview:large, max-video-preview:-1\" \/>\n<link rel=\"canonical\" href=\"https:\/\/www.signium.com\/de\/news\/gen-z-fuehrung\/\" \/>\n<meta property=\"og:locale\" content=\"de_DE\" \/>\n<meta property=\"og:type\" content=\"article\" \/>\n<meta property=\"og:title\" content=\"Gen Z \u2013 Die Suche nach der richtigen Einstellung\" \/>\n<meta property=\"og:description\" content=\"Hat die Generation Z das richtige Mindset f\u00fcr eine F\u00fchrungsrolle? Signium Expertin Carolin Fourie diskutiert die Voraussetzungen im Top-Management.\" \/>\n<meta property=\"og:url\" content=\"https:\/\/www.signium.com\/de\/news\/gen-z-fuehrung\/\" \/>\n<meta property=\"og:site_name\" content=\"Signium\" \/>\n<meta property=\"article:modified_time\" content=\"2024-05-17T22:49:21+00:00\" \/>\n<meta property=\"og:image\" content=\"https:\/\/www.signium.com\/wp-content\/uploads\/2024\/05\/Signium-Gen-Z-in-der-Fuhrung-Carolin-Fourie_web.jpg\" \/>\n\t<meta property=\"og:image:width\" content=\"1024\" \/>\n\t<meta property=\"og:image:height\" content=\"683\" \/>\n\t<meta property=\"og:image:type\" content=\"image\/jpeg\" \/>\n<meta name=\"twitter:card\" content=\"summary_large_image\" \/>\n<meta name=\"twitter:site\" content=\"@signiumspeaks\" \/>\n<meta name=\"twitter:label1\" content=\"Est. reading time\" \/>\n\t<meta name=\"twitter:data1\" content=\"4 minutes\" \/>\n<script type=\"application\/ld+json\" class=\"yoast-schema-graph\">{\"@context\":\"https:\/\/schema.org\",\"@graph\":[{\"@type\":\"WebPage\",\"@id\":\"https:\/\/www.signium.com\/de\/news\/gen-z-fuehrung\/\",\"url\":\"https:\/\/www.signium.com\/de\/news\/gen-z-fuehrung\/\",\"name\":\"Gen Z \u2013 Die Suche nach der richtigen Einstellung &ndash; Signium\",\"isPartOf\":{\"@id\":\"https:\/\/staging.signium.com\/#website\"},\"datePublished\":\"2024-05-15T08:59:28+00:00\",\"dateModified\":\"2024-05-17T22:49:21+00:00\",\"description\":\"Hat die Generation Z das richtige Mindset f\u00fcr eine F\u00fchrungsrolle? Signium Expertin Carolin Fourie diskutiert die Voraussetzungen im Top-Management.\",\"breadcrumb\":{\"@id\":\"https:\/\/www.signium.com\/de\/news\/gen-z-fuehrung\/#breadcrumb\"},\"inLanguage\":\"de-DE\",\"potentialAction\":[{\"@type\":\"ReadAction\",\"target\":[\"https:\/\/www.signium.com\/de\/news\/gen-z-fuehrung\/\"]}]},{\"@type\":\"BreadcrumbList\",\"@id\":\"https:\/\/www.signium.com\/de\/news\/gen-z-fuehrung\/#breadcrumb\",\"itemListElement\":[{\"@type\":\"ListItem\",\"position\":1,\"name\":\"Home\",\"item\":\"https:\/\/www.signium.com\/de\/\"},{\"@type\":\"ListItem\",\"position\":2,\"name\":\"News\",\"item\":\"https:\/\/staging.signium.com\/news\/\"},{\"@type\":\"ListItem\",\"position\":3,\"name\":\"Gen Z \u2013 Die Suche nach der richtigen Einstellung\"}]},{\"@type\":\"WebSite\",\"@id\":\"https:\/\/staging.signium.com\/#website\",\"url\":\"https:\/\/staging.signium.com\/\",\"name\":\"Signium\",\"description\":\"Global Executive Search and Leadership Consulting\",\"publisher\":{\"@id\":\"https:\/\/staging.signium.com\/#organization\"},\"potentialAction\":[{\"@type\":\"SearchAction\",\"target\":{\"@type\":\"EntryPoint\",\"urlTemplate\":\"https:\/\/staging.signium.com\/?s={search_term_string}\"},\"query-input\":\"required name=search_term_string\"}],\"inLanguage\":\"de-DE\"},{\"@type\":\"Organization\",\"@id\":\"https:\/\/staging.signium.com\/#organization\",\"name\":\"Signium\",\"url\":\"https:\/\/staging.signium.com\/\",\"logo\":{\"@type\":\"ImageObject\",\"inLanguage\":\"de-DE\",\"@id\":\"https:\/\/staging.signium.com\/#\/schema\/logo\/image\/\",\"url\":\"https:\/\/www.signium.com\/wp-content\/uploads\/2020\/05\/logo-darkblue.png\",\"contentUrl\":\"https:\/\/www.signium.com\/wp-content\/uploads\/2020\/05\/logo-darkblue.png\",\"width\":300,\"height\":66,\"caption\":\"Signium\"},\"image\":{\"@id\":\"https:\/\/staging.signium.com\/#\/schema\/logo\/image\/\"},\"sameAs\":[\"https:\/\/twitter.com\/signiumspeaks\",\"https:\/\/www.linkedin.com\/company\/signium\",\"https:\/\/www.youtube.com\/channel\/UC1mryZmvR40LptxwpsxMaiw\"]}]}<\/script>\n<!-- \/ Yoast SEO Premium plugin. -->","yoast_head_json":{"title":"Gen Z \u2013 Die Suche nach der richtigen Einstellung &ndash; Signium","description":"Hat die Generation Z das richtige Mindset f\u00fcr eine F\u00fchrungsrolle? Signium Expertin Carolin Fourie diskutiert die Voraussetzungen im Top-Management.","robots":{"index":"index","follow":"follow","max-snippet":"max-snippet:-1","max-image-preview":"max-image-preview:large","max-video-preview":"max-video-preview:-1"},"canonical":"https:\/\/www.signium.com\/de\/news\/gen-z-fuehrung\/","og_locale":"de_DE","og_type":"article","og_title":"Gen Z \u2013 Die Suche nach der richtigen Einstellung","og_description":"Hat die Generation Z das richtige Mindset f\u00fcr eine F\u00fchrungsrolle? Signium Expertin Carolin Fourie diskutiert die Voraussetzungen im Top-Management.","og_url":"https:\/\/www.signium.com\/de\/news\/gen-z-fuehrung\/","og_site_name":"Signium","article_modified_time":"2024-05-17T22:49:21+00:00","og_image":[{"width":1024,"height":683,"url":"https:\/\/www.signium.com\/wp-content\/uploads\/2024\/05\/Signium-Gen-Z-in-der-Fuhrung-Carolin-Fourie_web.jpg","type":"image\/jpeg"}],"twitter_card":"summary_large_image","twitter_site":"@signiumspeaks","twitter_misc":{"Est. reading time":"4 minutes"},"schema":{"@context":"https:\/\/schema.org","@graph":[{"@type":"WebPage","@id":"https:\/\/www.signium.com\/de\/news\/gen-z-fuehrung\/","url":"https:\/\/www.signium.com\/de\/news\/gen-z-fuehrung\/","name":"Gen Z \u2013 Die Suche nach der richtigen Einstellung &ndash; Signium","isPartOf":{"@id":"https:\/\/staging.signium.com\/#website"},"datePublished":"2024-05-15T08:59:28+00:00","dateModified":"2024-05-17T22:49:21+00:00","description":"Hat die Generation Z das richtige Mindset f\u00fcr eine F\u00fchrungsrolle? Signium Expertin Carolin Fourie diskutiert die Voraussetzungen im Top-Management.","breadcrumb":{"@id":"https:\/\/www.signium.com\/de\/news\/gen-z-fuehrung\/#breadcrumb"},"inLanguage":"de-DE","potentialAction":[{"@type":"ReadAction","target":["https:\/\/www.signium.com\/de\/news\/gen-z-fuehrung\/"]}]},{"@type":"BreadcrumbList","@id":"https:\/\/www.signium.com\/de\/news\/gen-z-fuehrung\/#breadcrumb","itemListElement":[{"@type":"ListItem","position":1,"name":"Home","item":"https:\/\/www.signium.com\/de\/"},{"@type":"ListItem","position":2,"name":"News","item":"https:\/\/staging.signium.com\/news\/"},{"@type":"ListItem","position":3,"name":"Gen Z \u2013 Die Suche nach der richtigen Einstellung"}]},{"@type":"WebSite","@id":"https:\/\/staging.signium.com\/#website","url":"https:\/\/staging.signium.com\/","name":"Signium","description":"Global Executive Search and Leadership Consulting","publisher":{"@id":"https:\/\/staging.signium.com\/#organization"},"potentialAction":[{"@type":"SearchAction","target":{"@type":"EntryPoint","urlTemplate":"https:\/\/staging.signium.com\/?s={search_term_string}"},"query-input":"required name=search_term_string"}],"inLanguage":"de-DE"},{"@type":"Organization","@id":"https:\/\/staging.signium.com\/#organization","name":"Signium","url":"https:\/\/staging.signium.com\/","logo":{"@type":"ImageObject","inLanguage":"de-DE","@id":"https:\/\/staging.signium.com\/#\/schema\/logo\/image\/","url":"https:\/\/www.signium.com\/wp-content\/uploads\/2020\/05\/logo-darkblue.png","contentUrl":"https:\/\/www.signium.com\/wp-content\/uploads\/2020\/05\/logo-darkblue.png","width":300,"height":66,"caption":"Signium"},"image":{"@id":"https:\/\/staging.signium.com\/#\/schema\/logo\/image\/"},"sameAs":["https:\/\/twitter.com\/signiumspeaks","https:\/\/www.linkedin.com\/company\/signium","https:\/\/www.youtube.com\/channel\/UC1mryZmvR40LptxwpsxMaiw"]}]}},"_links":{"self":[{"href":"https:\/\/www.signium.com\/de\/wp-json\/wp\/v2\/news\/9597"}],"collection":[{"href":"https:\/\/www.signium.com\/de\/wp-json\/wp\/v2\/news"}],"about":[{"href":"https:\/\/www.signium.com\/de\/wp-json\/wp\/v2\/types\/news"}],"replies":[{"embeddable":true,"href":"https:\/\/www.signium.com\/de\/wp-json\/wp\/v2\/comments?post=9597"}],"wp:featuredmedia":[{"embeddable":true,"href":"https:\/\/www.signium.com\/de\/wp-json\/wp\/v2\/media\/9598"}],"wp:attachment":[{"href":"https:\/\/www.signium.com\/de\/wp-json\/wp\/v2\/media?parent=9597"}],"wp:term":[{"taxonomy":"region","embeddable":true,"href":"https:\/\/www.signium.com\/de\/wp-json\/wp\/v2\/region?post=9597"},{"taxonomy":"news_type","embeddable":true,"href":"https:\/\/www.signium.com\/de\/wp-json\/wp\/v2\/news_type?post=9597"}],"curies":[{"name":"wp","href":"https:\/\/api.w.org\/{rel}","templated":true}]}}