{"id":11496,"date":"2025-05-22T02:22:59","date_gmt":"2025-05-22T00:22:59","guid":{"rendered":"https:\/\/www.signium.com\/?post_type=news&#038;p=11496"},"modified":"2025-05-22T03:03:02","modified_gmt":"2025-05-22T01:03:02","slug":"kan-svenskt-ledarskap-driva-hallbarhetsfragan-i-ett-polariserat-usa","status":"publish","type":"news","link":"https:\/\/www.signium.com\/sv\/news\/kan-svenskt-ledarskap-driva-hallbarhetsfragan-i-ett-polariserat-usa\/","title":{"rendered":"Kan svenskt ledarskap driva h\u00e5llbarhetsfr\u00e5gan i ett polariserat USA?"},"content":{"rendered":"\n<p class=\"has-medium-font-size\" data-aos=\"fade-up\">Medan USA:s politiska landskap skiftat dramatiskt har h\u00e5llbarhetsfr\u00e5gans prioritet omformats b\u00e5de p\u00e5 federal och lokal niv\u00e5. Linda Andr\u00e9n, Executive Director f\u00f6r Green Transition Initiative (GTI), leder arbetet f\u00f6r att fr\u00e4mja svensk gr\u00f6n teknik i USA. Trots politiska sv\u00e4ngningar, fr\u00e5n Bidens framsteg till Trumps nedmontering av klimatinitiativ, har GTI navigerat skickligt. Vi pratar med Linda om ledarskap i motvind, Sveriges roll som f\u00f6reg\u00e5ngsland och hur h\u00e5llbarhet kan f\u00f6rbli en central fr\u00e5ga, oavsett politiska vindar.<\/p>\n\n\n\n<h3 class=\"wp-block-heading\" id=\"h-svensk-hallbarhet-pa-amerikansk-mark\" data-aos=\"fade-up\">Svensk h\u00e5llbarhet p\u00e5 amerikansk mark<\/h3>\n\n\n\n<p><a href=\"https:\/\/www.linkedin.com\/in\/linda-andr%C3%A9n\/\" target=\"_blank\" rel=\"noreferrer noopener\"><strong>Linda Andr\u00e9n<\/strong><\/a data-aos=\"fade-up\"> leder GTI, ett initiativ som lanserades 2022 ihop med Business Sweden, Vinnova, Energimyndigheten och den svenska ambassaden i Washington D.C. GTI fungerar som en bro mellan svenska innovationer och amerikanska behov, med m\u00e5let att etablera Sverige som en global ledare inom h\u00e5llbar teknik. Sedan starten 2022 har GTI arbetat f\u00f6r att etablera svensk, klimatsmart teknik och h\u00e5llbara innovationer i USA.<\/p>\n\n\n\n<p>Trots politiska motg\u00e5ngar har <strong><a href=\"https:\/\/www.gti-sweden.se\/\" target=\"_blank\" rel=\"noreferrer noopener\">GTI<\/a><\/strong data-aos=\"fade-up\"> fortsatt v\u00e4xa i betydelse.<\/p>\n\n\n\n<div class=\"wp-block-columns is-layout-flex wp-container-core-columns-layout-1 wp-block-columns-is-layout-flex\">\n<div class=\"wp-block-column is-layout-flow wp-block-column-is-layout-flow\">\n<figure class=\"wp-block-image size-full\"><img loading=\"lazy\" decoding=\"async\" width=\"607\" height=\"910\" src=\"https:\/\/www.signium.com\/wp-content\/uploads\/2025\/05\/GTI-Photoshoot-30-of-46.jpg\" alt=\"\" class=\"wp-image-11511\" srcset=\"https:\/\/www.signium.com\/wp-content\/uploads\/2025\/05\/GTI-Photoshoot-30-of-46.jpg 607w, https:\/\/www.signium.com\/wp-content\/uploads\/2025\/05\/GTI-Photoshoot-30-of-46-250x375.jpg 250w, https:\/\/www.signium.com\/wp-content\/uploads\/2025\/05\/GTI-Photoshoot-30-of-46-120x180.jpg 120w\" sizes=\"(max-width: 607px) 100vw, 607px\" \/ data-aos=\"fade-up\"><\/figure>\n<\/div>\n\n\n\n<div class=\"wp-block-column is-layout-flow wp-block-column-is-layout-flow\">\n<figure class=\"wp-block-pullquote has-medium-font-size\"><blockquote><p>&#8220;V\u00e5r styrka ligger i att vi skapar konkreta samarbeten och visar resultat. Det g\u00f6r h\u00e5llbarhet verklig, inte bara en vision.&#8221;<\/p><cite>Linda Andr\u00e9n<\/cite><\/blockquote data-aos=\"fade-up\"><\/figure>\n<\/div>\n<\/div>\n\n\n\n<h3 class=\"wp-block-heading\" data-aos=\"fade-up\">Ett f\u00f6r\u00e4ndrat politiskt landskap<\/h3>\n\n\n\n<p>Skiftet fr\u00e5n Biden till Trump innebar stora f\u00f6r\u00e4ndringar i klimatpolitiken. Under Bidens administration introducerades Inflation Reduction Act (IRA), en satsning p\u00e5 gr\u00f6n omst\u00e4llning. Trumps \u00e5terkomst ledde dock till en nedmontering av flera klimatinitiativ, d\u00e4r begrepp som <em>climate change<\/em data-aos=\"fade-up\"> f\u00f6rsvann ur federala dokument och myndigheter som arbetat med klimatfr\u00e5gor minskades kraftigt.<\/p>\n\n\n\n<p>Trots det finns ett starkt engagemang kvar p\u00e5 lokal niv\u00e5. Plattformen <em>America is All In<\/em> visar att m\u00e5nga st\u00e4der och delstater forts\u00e4tter driva klimatfr\u00e5gor fram\u00e5t. H\u00e4r fyller GTI en viktig funktion genom att matcha svenska l\u00f6sningar med amerikanska behov. &#8220;Det \u00e4r p\u00e5 lokal niv\u00e5 vi ser de st\u00f6rsta m\u00f6jligheterna f\u00f6r svensk teknik att g\u00f6ra skillnad,&#8221; f\u00f6rklarar Linda<strong>.<\/strong data-aos=\"fade-up\"><\/p>\n\n\n\n<h3 class=\"wp-block-heading\" data-aos=\"fade-up\">Systempiloter ger konkreta, h\u00e5llbara resultat<\/h3>\n\n\n\n<p data-aos=\"fade-up\">En av GTI:s framg\u00e5ngsfaktorer har varit de s\u00e5 kallade systempiloterna, praktiska projekt d\u00e4r svensk teknik testas p\u00e5 amerikansk mark. I North Carolina skapade Volvo Construction Equipment, Atlas Copco och Husqvarna en elektrifierad byggarbetsplats som utv\u00e4rderades av Sweco. Resultatet? Kraftiga minskningar av koldioxid och giftiga NOx-partiklar.<\/p>\n\n\n\n<p data-aos=\"fade-up\">Projektet v\u00e4ckte intresse hos bland annat staden New York och har banat v\u00e4g f\u00f6r dialog f\u00f6r fler samarbeten. Genom dessa konkreta exempel blir Sveriges systemt\u00e4nk tydligt; vi exporterar inte bara teknik, utan \u00e4ven en helhetssyn p\u00e5 h\u00e5llbarhet.<\/p>\n\n\n\n<h3 class=\"wp-block-heading\" data-aos=\"fade-up\">Ett f\u00f6reg\u00e5ngsland med utmaningar l\u00e4ngs v\u00e4gen<\/h3>\n\n\n\n<p data-aos=\"fade-up\">Sverige betraktas i USA som en ledare inom h\u00e5llbarhetsarbete. Svenska f\u00f6retag har i USA skapat \u00f6ver 300 000 jobb inom omr\u00e5den som energi, transport och milj\u00f6, vilket \u00f6ppnar upp stora m\u00f6jligheter f\u00f6r export av gr\u00f6n teknik.<\/p>\n\n\n\n<p data-aos=\"fade-up\">&#8220;Amerikanska st\u00e4der blir ofta imponerade av hur vi integrerar teknik, stadsplanering och klimat\u00e5tg\u00e4rder. Det \u00e4r n\u00e5got unikt f\u00f6r Sverige,&#8221; s\u00e4ger Linda. Samtidigt inneb\u00e4r begr\u00e4nsande regler och tullar utmaningar f\u00f6r svensk teknik att etablera sig fullt ut.<\/p>\n\n\n\n<h3 class=\"wp-block-heading\" data-aos=\"fade-up\">Ledarskap f\u00f6r h\u00e5llbarhet i en f\u00f6r\u00e4nderlig v\u00e4rld<\/h3>\n\n\n\n<p data-aos=\"fade-up\">Att driva h\u00e5llbarhetsfr\u00e5gor i ett polariserat USA kr\u00e4ver b\u00e5de mod och strategiskt ledarskap. Linda menar att svenska f\u00f6retag har en unik m\u00f6jlighet att p\u00e5verka, men att kommunikationen m\u00e5ste anpassas: &#8220;Det handlar om att fokusera p\u00e5 effektivitet, h\u00e4lsa och kostnadsbesparingar \u00e4n enbart klimatp\u00e5verkan, allt f\u00f6r att n\u00e5 aff\u00e4rsm\u00f6jligheterna,&#8221; f\u00f6rklarar hon.<\/p>\n\n\n\n<p data-aos=\"fade-up\">F\u00f6r att lyckas p\u00e5 den amerikanska marknaden beh\u00f6ver h\u00e5llbarhetsledare vara t\u00e5lmodiga, n\u00e4tverksbyggande och faktadrivna. H\u00e4r har GTI blivit en brobyggare, en plattform som knyter samman svenska innovationer med amerikanska behov.<\/p>\n\n\n\n<h3 class=\"wp-block-heading\" data-aos=\"fade-up\">Framtidshopp och v\u00e4gen fram\u00e5t<\/h3>\n\n\n\n<p data-aos=\"fade-up\">Trots de politiska sv\u00e4ngningarna uttrycker Linda en stark framtidstro. GTI:s arbete visar att h\u00e5llbar utveckling kan ske, \u00e4ven n\u00e4r det politiska klimatet \u00e4r instabilt. St\u00e4dernas klimatarbete forts\u00e4tter, och svenska innovationer g\u00f6r skillnad p\u00e5 plats. &#8220;Vi har bara b\u00f6rjat sk\u00f6rda frukterna av de samarbeten vi byggt upp. Potentialen \u00e4r enorm,&#8221; s\u00e4ger Linda med \u00f6vertygelse.<\/p>\n\n\n\n<p data-aos=\"fade-up\">N\u00e4r Sverige och USA samarbetar f\u00f6r en gr\u00f6nare framtid kan vi inte bara m\u00f6ta utmaningar, vi kan ocks\u00e5 skapa nya m\u00f6jligheter. Med r\u00e4tt ledarskap kan svensk h\u00e5llbarhetsteknik bana v\u00e4g f\u00f6r verklig f\u00f6r\u00e4ndring, \u00e4ven p\u00e5 en polariserat marknad som USA.<\/p>\n","protected":false},"excerpt":{"rendered":"<p>Medan USA:s politiska landskap skiftat dramatiskt har h\u00e5llbarhetsfr\u00e5gans prioritet omformats b\u00e5de p\u00e5 federal och lokal niv\u00e5. Linda Andr\u00e9n, Executive Director f\u00f6r Green Transition Initiative (GTI), leder arbetet f\u00f6r att fr\u00e4mja svensk gr\u00f6n teknik i USA. Trots politiska sv\u00e4ngningar, fr\u00e5n Bidens framsteg till Trumps nedmontering av klimatinitiativ, har GTI navigerat skickligt. Vi pratar med Linda om [&hellip;]<\/p>\n","protected":false},"featured_media":11497,"parent":0,"menu_order":0,"comment_status":"open","ping_status":"closed","template":"","region":[3812],"news_type":[3994],"acf":[],"yoast_head":"<!-- This site is optimized with the Yoast SEO Premium plugin v20.5 (Yoast SEO v20.5) - https:\/\/yoast.com\/wordpress\/plugins\/seo\/ -->\n<title>Kan svenskt ledarskap driva h\u00e5llbarhetsfr\u00e5gan i ett polariserat USA? &ndash; Signium<\/title>\n<meta name=\"robots\" content=\"index, follow, max-snippet:-1, max-image-preview:large, max-video-preview:-1\" \/>\n<link rel=\"canonical\" href=\"https:\/\/www.signium.com\/sv\/news\/kan-svenskt-ledarskap-driva-hallbarhetsfragan-i-ett-polariserat-usa\/\" \/>\n<meta property=\"og:locale\" content=\"sv_SE\" \/>\n<meta property=\"og:type\" content=\"article\" \/>\n<meta property=\"og:title\" content=\"Kan svenskt ledarskap driva h\u00e5llbarhetsfr\u00e5gan i ett polariserat USA?\" \/>\n<meta property=\"og:description\" content=\"Medan USA:s politiska landskap skiftat dramatiskt har h\u00e5llbarhetsfr\u00e5gans prioritet omformats b\u00e5de p\u00e5 federal och lokal niv\u00e5. Linda Andr\u00e9n, Executive Director f\u00f6r Green Transition Initiative (GTI), leder arbetet f\u00f6r att fr\u00e4mja svensk gr\u00f6n teknik i USA. Trots politiska sv\u00e4ngningar, fr\u00e5n Bidens framsteg till Trumps nedmontering av klimatinitiativ, har GTI navigerat skickligt. Vi pratar med Linda om [&hellip;]\" \/>\n<meta property=\"og:url\" content=\"https:\/\/www.signium.com\/sv\/news\/kan-svenskt-ledarskap-driva-hallbarhetsfragan-i-ett-polariserat-usa\/\" \/>\n<meta property=\"og:site_name\" content=\"Signium\" \/>\n<meta property=\"article:modified_time\" content=\"2025-05-22T01:03:02+00:00\" \/>\n<meta property=\"og:image\" content=\"https:\/\/www.signium.com\/wp-content\/uploads\/2025\/05\/Signium_Artikel_Maj-e1747873263486.jpg\" \/>\n\t<meta property=\"og:image:width\" content=\"1920\" \/>\n\t<meta property=\"og:image:height\" content=\"777\" \/>\n\t<meta property=\"og:image:type\" content=\"image\/jpeg\" \/>\n<meta name=\"twitter:card\" content=\"summary_large_image\" \/>\n<meta name=\"twitter:site\" content=\"@signiumspeaks\" \/>\n<meta name=\"twitter:label1\" content=\"Est. reading time\" \/>\n\t<meta name=\"twitter:data1\" content=\"3 minutes\" \/>\n<script type=\"application\/ld+json\" class=\"yoast-schema-graph\">{\"@context\":\"https:\/\/schema.org\",\"@graph\":[{\"@type\":\"WebPage\",\"@id\":\"https:\/\/www.signium.com\/sv\/news\/kan-svenskt-ledarskap-driva-hallbarhetsfragan-i-ett-polariserat-usa\/\",\"url\":\"https:\/\/www.signium.com\/sv\/news\/kan-svenskt-ledarskap-driva-hallbarhetsfragan-i-ett-polariserat-usa\/\",\"name\":\"Kan svenskt ledarskap driva h\u00e5llbarhetsfr\u00e5gan i ett polariserat USA? &ndash; Signium\",\"isPartOf\":{\"@id\":\"https:\/\/staging.signium.com\/#website\"},\"datePublished\":\"2025-05-22T00:22:59+00:00\",\"dateModified\":\"2025-05-22T01:03:02+00:00\",\"breadcrumb\":{\"@id\":\"https:\/\/www.signium.com\/sv\/news\/kan-svenskt-ledarskap-driva-hallbarhetsfragan-i-ett-polariserat-usa\/#breadcrumb\"},\"inLanguage\":\"sv-SE\",\"potentialAction\":[{\"@type\":\"ReadAction\",\"target\":[\"https:\/\/www.signium.com\/sv\/news\/kan-svenskt-ledarskap-driva-hallbarhetsfragan-i-ett-polariserat-usa\/\"]}]},{\"@type\":\"BreadcrumbList\",\"@id\":\"https:\/\/www.signium.com\/sv\/news\/kan-svenskt-ledarskap-driva-hallbarhetsfragan-i-ett-polariserat-usa\/#breadcrumb\",\"itemListElement\":[{\"@type\":\"ListItem\",\"position\":1,\"name\":\"Home\",\"item\":\"https:\/\/www.signium.com\/sv\/\"},{\"@type\":\"ListItem\",\"position\":2,\"name\":\"News\",\"item\":\"https:\/\/staging.signium.com\/news\/\"},{\"@type\":\"ListItem\",\"position\":3,\"name\":\"Kan svenskt ledarskap driva h\u00e5llbarhetsfr\u00e5gan i ett polariserat USA?\"}]},{\"@type\":\"WebSite\",\"@id\":\"https:\/\/staging.signium.com\/#website\",\"url\":\"https:\/\/staging.signium.com\/\",\"name\":\"Signium\",\"description\":\"Global Executive Search and Leadership Consulting\",\"publisher\":{\"@id\":\"https:\/\/staging.signium.com\/#organization\"},\"potentialAction\":[{\"@type\":\"SearchAction\",\"target\":{\"@type\":\"EntryPoint\",\"urlTemplate\":\"https:\/\/staging.signium.com\/?s={search_term_string}\"},\"query-input\":\"required name=search_term_string\"}],\"inLanguage\":\"sv-SE\"},{\"@type\":\"Organization\",\"@id\":\"https:\/\/staging.signium.com\/#organization\",\"name\":\"Signium\",\"url\":\"https:\/\/staging.signium.com\/\",\"logo\":{\"@type\":\"ImageObject\",\"inLanguage\":\"sv-SE\",\"@id\":\"https:\/\/staging.signium.com\/#\/schema\/logo\/image\/\",\"url\":\"https:\/\/www.signium.com\/wp-content\/uploads\/2020\/05\/logo-darkblue.png\",\"contentUrl\":\"https:\/\/www.signium.com\/wp-content\/uploads\/2020\/05\/logo-darkblue.png\",\"width\":300,\"height\":66,\"caption\":\"Signium\"},\"image\":{\"@id\":\"https:\/\/staging.signium.com\/#\/schema\/logo\/image\/\"},\"sameAs\":[\"https:\/\/twitter.com\/signiumspeaks\",\"https:\/\/www.linkedin.com\/company\/signium\",\"https:\/\/www.youtube.com\/channel\/UC1mryZmvR40LptxwpsxMaiw\"]}]}<\/script>\n<!-- \/ Yoast SEO Premium plugin. -->","yoast_head_json":{"title":"Kan svenskt ledarskap driva h\u00e5llbarhetsfr\u00e5gan i ett polariserat USA? &ndash; Signium","robots":{"index":"index","follow":"follow","max-snippet":"max-snippet:-1","max-image-preview":"max-image-preview:large","max-video-preview":"max-video-preview:-1"},"canonical":"https:\/\/www.signium.com\/sv\/news\/kan-svenskt-ledarskap-driva-hallbarhetsfragan-i-ett-polariserat-usa\/","og_locale":"sv_SE","og_type":"article","og_title":"Kan svenskt ledarskap driva h\u00e5llbarhetsfr\u00e5gan i ett polariserat USA?","og_description":"Medan USA:s politiska landskap skiftat dramatiskt har h\u00e5llbarhetsfr\u00e5gans prioritet omformats b\u00e5de p\u00e5 federal och lokal niv\u00e5. Linda Andr\u00e9n, Executive Director f\u00f6r Green Transition Initiative (GTI), leder arbetet f\u00f6r att fr\u00e4mja svensk gr\u00f6n teknik i USA. Trots politiska sv\u00e4ngningar, fr\u00e5n Bidens framsteg till Trumps nedmontering av klimatinitiativ, har GTI navigerat skickligt. Vi pratar med Linda om [&hellip;]","og_url":"https:\/\/www.signium.com\/sv\/news\/kan-svenskt-ledarskap-driva-hallbarhetsfragan-i-ett-polariserat-usa\/","og_site_name":"Signium","article_modified_time":"2025-05-22T01:03:02+00:00","og_image":[{"width":1920,"height":777,"url":"https:\/\/www.signium.com\/wp-content\/uploads\/2025\/05\/Signium_Artikel_Maj-e1747873263486.jpg","type":"image\/jpeg"}],"twitter_card":"summary_large_image","twitter_site":"@signiumspeaks","twitter_misc":{"Est. reading time":"3 minutes"},"schema":{"@context":"https:\/\/schema.org","@graph":[{"@type":"WebPage","@id":"https:\/\/www.signium.com\/sv\/news\/kan-svenskt-ledarskap-driva-hallbarhetsfragan-i-ett-polariserat-usa\/","url":"https:\/\/www.signium.com\/sv\/news\/kan-svenskt-ledarskap-driva-hallbarhetsfragan-i-ett-polariserat-usa\/","name":"Kan svenskt ledarskap driva h\u00e5llbarhetsfr\u00e5gan i ett polariserat USA? &ndash; Signium","isPartOf":{"@id":"https:\/\/staging.signium.com\/#website"},"datePublished":"2025-05-22T00:22:59+00:00","dateModified":"2025-05-22T01:03:02+00:00","breadcrumb":{"@id":"https:\/\/www.signium.com\/sv\/news\/kan-svenskt-ledarskap-driva-hallbarhetsfragan-i-ett-polariserat-usa\/#breadcrumb"},"inLanguage":"sv-SE","potentialAction":[{"@type":"ReadAction","target":["https:\/\/www.signium.com\/sv\/news\/kan-svenskt-ledarskap-driva-hallbarhetsfragan-i-ett-polariserat-usa\/"]}]},{"@type":"BreadcrumbList","@id":"https:\/\/www.signium.com\/sv\/news\/kan-svenskt-ledarskap-driva-hallbarhetsfragan-i-ett-polariserat-usa\/#breadcrumb","itemListElement":[{"@type":"ListItem","position":1,"name":"Home","item":"https:\/\/www.signium.com\/sv\/"},{"@type":"ListItem","position":2,"name":"News","item":"https:\/\/staging.signium.com\/news\/"},{"@type":"ListItem","position":3,"name":"Kan svenskt ledarskap driva h\u00e5llbarhetsfr\u00e5gan i ett polariserat USA?"}]},{"@type":"WebSite","@id":"https:\/\/staging.signium.com\/#website","url":"https:\/\/staging.signium.com\/","name":"Signium","description":"Global Executive Search and Leadership Consulting","publisher":{"@id":"https:\/\/staging.signium.com\/#organization"},"potentialAction":[{"@type":"SearchAction","target":{"@type":"EntryPoint","urlTemplate":"https:\/\/staging.signium.com\/?s={search_term_string}"},"query-input":"required name=search_term_string"}],"inLanguage":"sv-SE"},{"@type":"Organization","@id":"https:\/\/staging.signium.com\/#organization","name":"Signium","url":"https:\/\/staging.signium.com\/","logo":{"@type":"ImageObject","inLanguage":"sv-SE","@id":"https:\/\/staging.signium.com\/#\/schema\/logo\/image\/","url":"https:\/\/www.signium.com\/wp-content\/uploads\/2020\/05\/logo-darkblue.png","contentUrl":"https:\/\/www.signium.com\/wp-content\/uploads\/2020\/05\/logo-darkblue.png","width":300,"height":66,"caption":"Signium"},"image":{"@id":"https:\/\/staging.signium.com\/#\/schema\/logo\/image\/"},"sameAs":["https:\/\/twitter.com\/signiumspeaks","https:\/\/www.linkedin.com\/company\/signium","https:\/\/www.youtube.com\/channel\/UC1mryZmvR40LptxwpsxMaiw"]}]}},"_links":{"self":[{"href":"https:\/\/www.signium.com\/sv\/wp-json\/wp\/v2\/news\/11496"}],"collection":[{"href":"https:\/\/www.signium.com\/sv\/wp-json\/wp\/v2\/news"}],"about":[{"href":"https:\/\/www.signium.com\/sv\/wp-json\/wp\/v2\/types\/news"}],"replies":[{"embeddable":true,"href":"https:\/\/www.signium.com\/sv\/wp-json\/wp\/v2\/comments?post=11496"}],"wp:featuredmedia":[{"embeddable":true,"href":"https:\/\/www.signium.com\/sv\/wp-json\/wp\/v2\/media\/11497"}],"wp:attachment":[{"href":"https:\/\/www.signium.com\/sv\/wp-json\/wp\/v2\/media?parent=11496"}],"wp:term":[{"taxonomy":"region","embeddable":true,"href":"https:\/\/www.signium.com\/sv\/wp-json\/wp\/v2\/region?post=11496"},{"taxonomy":"news_type","embeddable":true,"href":"https:\/\/www.signium.com\/sv\/wp-json\/wp\/v2\/news_type?post=11496"}],"curies":[{"name":"wp","href":"https:\/\/api.w.org\/{rel}","templated":true}]}}