{"id":7105,"date":"2023-09-21T15:05:03","date_gmt":"2023-09-21T20:05:03","guid":{"rendered":"https:\/\/www.signium.com\/?post_type=news&#038;p=7105"},"modified":"2023-09-21T15:05:05","modified_gmt":"2023-09-21T20:05:05","slug":"ett-viktigt-ansvar-i-att-skapa-mangfald","status":"publish","type":"news","link":"https:\/\/www.signium.com\/sv\/news\/ett-viktigt-ansvar-i-att-skapa-mangfald\/","title":{"rendered":"Ett viktigt ansvar i att skapa m\u00e5ngfald"},"content":{"rendered":"\n<h3 class=\"wp-block-heading\" id=\"h-hur-kan-aktorer-inom-executive-search-bidra-till-mangfald-och-vilken-roll-spelar-bolagens-foretagskultur-vi-stallde-tre-fragor-till-gabriella-agi-som-ar-executive-search-konsult-pa-signiums-kontor-i-goteborg\" data-aos=\"fade-up\">Hur kan akt\u00f6rer inom Executive Search bidra till m\u00e5ngfald? Och vilken roll spelar bolagens f\u00f6retagskultur? Vi st\u00e4llde tre fr\u00e5gor till Gabriella Agi som \u00e4r Executive Search-konsult p\u00e5 Signiums kontor i G\u00f6teborg.<\/h3>\n\n\n\n<p><strong>Vilka ser du som de st\u00f6rsta utmaningarna i arbetet med att skapa m\u00e5ngfald p\u00e5 chefspositioner?<\/strong><br data-aos=\"fade-up\">Jag skulle s\u00e4ga att v\u00e5ra kunder, generellt sett, \u00e4r mycket medvetna kring fr\u00e5gor som r\u00f6r m\u00e5ngfald och representation p\u00e5 ledningsniv\u00e5. Det finns dock fortfarande en del arbete kvar att g\u00f6ra f\u00f6r att p\u00e5 riktigt kunna implementera detta tankes\u00e4tt igenom hela organisationen.<\/p>\n\n\n\n<p data-aos=\"fade-up\">Vi ser att utmaningarna skiljer sig fr\u00e5n land till land. I Sverige har vi till exempel kommit l\u00e5ngt med k\u00f6nsf\u00f6rdelning och etnisk m\u00e5ngfald, det \u00e4r fr\u00e5gor som m\u00e5nga f\u00f6retag verkligen f\u00f6rst\u00e5r vikten av. D\u00e4remot skulle jag s\u00e4ga att en av de fr\u00e4msta utmaningarna p\u00e5 den svenska marknaden \u00e4r \u00e5lder. D\u00e4r ser vi att man inte har ett lika \u00f6ppet sinne som i m\u00e5nga andra l\u00e4nder. Man stirrar sig blind p\u00e5 en siffra och gl\u00f6mmer ibland bort den faktiska kompetensen.<\/p>\n\n\n\n<p><strong>Hur kan du som konsult och Signium som r\u00e5dgivare motverka s\u00e4rbehandling bland kandidater?<\/strong><br data-aos=\"fade-up\">Vi engagerar oss f\u00f6r att bidra med en positiv inverkan i allt fr\u00e5n sociala medier till att utmana v\u00e5ra kunder i dessa fr\u00e5gor. Vi v\u00e5gar ta st\u00e4llning, p\u00e5tala och utmana debatten f\u00f6r att f\u00f6r\u00e4ndra synen p\u00e5 m\u00e5ngfald till det b\u00e4ttre.<\/p>\n\n\n\n<p data-aos=\"fade-up\">I v\u00e5rt dagliga arbete inneb\u00e4r det att vi redan i de f\u00f6rsta stegen av en rekrytering har p\u00e5 oss r\u00e4tt glas\u00f6gon f\u00f6r att f\u00f6rs\u00f6ka bredda urvalet av l\u00e4mpliga kandidater. Som r\u00e5dgivare har vi ett ansvar att visa p\u00e5 en bredd och v\u00e5ga utmana v\u00e5ra kunder. Om vi skulle lyfta fram ett homogent urval av kandidater s\u00e5 \u00e4r det viktigt att f\u00f6rklara varf\u00f6r det har blivit s\u00e5. Det \u00e4r ju alltid kandidaten med r\u00e4tt kompetens som det handlar om i slut\u00e4ndan.<\/p>\n\n\n\n<p><strong>Vilken roll spelar f\u00f6retagskulturen i arbetet med att fr\u00e4mja m\u00e5ngfald och inkludering?<\/strong><br data-aos=\"fade-up\">Om man har en \u00f6ppen f\u00f6retagskultur s\u00e5 lockar ju det till sig personer med olika erfarenheter, vilket i sin tur bidrar till nya id\u00e9er och influenser. Och jag tror att om man kan k\u00e4nna igen sig i n\u00e5gon p\u00e5 ett f\u00f6retag s\u00e5 bidrar det ocks\u00e5 till inkludering och sammanh\u00e5llning. Det klart att man kan ha h\u00f6gt i tak, men det \u00e4r s\u00e5 viktigt att vi f\u00f6rs\u00f6ker st\u00e4lla om fr\u00e5n de d\u00e4r gamla tankes\u00e4tten, \u00e4ven om det \u00e4r sm\u00e5, subtila sk\u00e4mt. D\u00e4r \u00e4r det j\u00e4tteviktigt att man har en nolltolerans mot diskriminering, oavsett om man \u00e4r chef eller anst\u00e4lld. Det \u00e4r allas ansvar att s\u00e4ga ifr\u00e5n.<\/p>\n","protected":false},"excerpt":{"rendered":"<p>Hur kan akt\u00f6rer inom Executive Search bidra till m\u00e5ngfald? Och vilken roll spelar bolagens f\u00f6retagskultur? Vi st\u00e4llde tre fr\u00e5gor till Gabriella Agi som \u00e4r Executive Search-konsult p\u00e5 Signiums kontor i G\u00f6teborg. Vilka ser du som de st\u00f6rsta utmaningarna i arbetet med att skapa m\u00e5ngfald p\u00e5 chefspositioner?Jag skulle s\u00e4ga att v\u00e5ra kunder, generellt sett, \u00e4r mycket [&hellip;]<\/p>\n","protected":false},"featured_media":7106,"parent":0,"menu_order":0,"comment_status":"open","ping_status":"closed","template":"","region":[3812],"news_type":[3994],"acf":[],"yoast_head":"<!-- This site is optimized with the Yoast SEO Premium plugin v20.5 (Yoast SEO v20.5) - https:\/\/yoast.com\/wordpress\/plugins\/seo\/ -->\n<title>Ett viktigt ansvar i att skapa m\u00e5ngfald &ndash; Signium<\/title>\n<meta name=\"description\" content=\"Gabriella Agi \u00e4r konsult p\u00e5 Signium i G\u00f6teborg och har arbetat med m\u00e5ngfaldsfr\u00e5gor i m\u00e5nga \u00e5r. I v\u00e5r senaste intervju delar hon med sig av tips f\u00f6r hur du skapar en mer inkluderande f\u00f6retagskultur.\" \/>\n<meta name=\"robots\" content=\"index, follow, max-snippet:-1, max-image-preview:large, max-video-preview:-1\" \/>\n<link rel=\"canonical\" href=\"https:\/\/staging.signium.com\/sv\/news\/ett-viktigt-ansvar-i-att-skapa-mangfald\/\" \/>\n<meta property=\"og:locale\" content=\"sv_SE\" \/>\n<meta property=\"og:type\" content=\"article\" \/>\n<meta property=\"og:title\" content=\"Ett viktigt ansvar i att skapa m\u00e5ngfald\" \/>\n<meta property=\"og:description\" content=\"Gabriella Agi \u00e4r konsult p\u00e5 Signium i G\u00f6teborg och har arbetat med m\u00e5ngfaldsfr\u00e5gor i m\u00e5nga \u00e5r. I v\u00e5r senaste intervju delar hon med sig av tips f\u00f6r hur du skapar en mer inkluderande f\u00f6retagskultur.\" \/>\n<meta property=\"og:url\" content=\"https:\/\/staging.signium.com\/sv\/news\/ett-viktigt-ansvar-i-att-skapa-mangfald\/\" \/>\n<meta property=\"og:site_name\" content=\"Signium\" \/>\n<meta property=\"article:modified_time\" content=\"2023-09-21T20:05:05+00:00\" \/>\n<meta property=\"og:image\" content=\"http:\/\/staging.signium.com\/wp-content\/uploads\/2023\/09\/gabriella_web_insights-1.jpg\" \/>\n\t<meta property=\"og:image:width\" content=\"1512\" \/>\n\t<meta property=\"og:image:height\" content=\"929\" \/>\n\t<meta property=\"og:image:type\" content=\"image\/jpeg\" \/>\n<meta name=\"twitter:card\" content=\"summary_large_image\" \/>\n<meta name=\"twitter:site\" content=\"@signiumspeaks\" \/>\n<meta name=\"twitter:label1\" content=\"Est. reading time\" \/>\n\t<meta name=\"twitter:data1\" content=\"2 minutes\" \/>\n<script type=\"application\/ld+json\" class=\"yoast-schema-graph\">{\"@context\":\"https:\/\/schema.org\",\"@graph\":[{\"@type\":\"WebPage\",\"@id\":\"https:\/\/staging.signium.com\/sv\/news\/ett-viktigt-ansvar-i-att-skapa-mangfald\/\",\"url\":\"https:\/\/staging.signium.com\/sv\/news\/ett-viktigt-ansvar-i-att-skapa-mangfald\/\",\"name\":\"Ett viktigt ansvar i att skapa m\u00e5ngfald &ndash; Signium\",\"isPartOf\":{\"@id\":\"https:\/\/staging.signium.com\/#website\"},\"datePublished\":\"2023-09-21T20:05:03+00:00\",\"dateModified\":\"2023-09-21T20:05:05+00:00\",\"description\":\"Gabriella Agi \u00e4r konsult p\u00e5 Signium i G\u00f6teborg och har arbetat med m\u00e5ngfaldsfr\u00e5gor i m\u00e5nga \u00e5r. I v\u00e5r senaste intervju delar hon med sig av tips f\u00f6r hur du skapar en mer inkluderande f\u00f6retagskultur.\",\"breadcrumb\":{\"@id\":\"https:\/\/staging.signium.com\/sv\/news\/ett-viktigt-ansvar-i-att-skapa-mangfald\/#breadcrumb\"},\"inLanguage\":\"sv-SE\",\"potentialAction\":[{\"@type\":\"ReadAction\",\"target\":[\"https:\/\/staging.signium.com\/sv\/news\/ett-viktigt-ansvar-i-att-skapa-mangfald\/\"]}]},{\"@type\":\"BreadcrumbList\",\"@id\":\"https:\/\/staging.signium.com\/sv\/news\/ett-viktigt-ansvar-i-att-skapa-mangfald\/#breadcrumb\",\"itemListElement\":[{\"@type\":\"ListItem\",\"position\":1,\"name\":\"Home\",\"item\":\"https:\/\/www.signium.com\/sv\/\"},{\"@type\":\"ListItem\",\"position\":2,\"name\":\"News\",\"item\":\"https:\/\/staging.signium.com\/news\/\"},{\"@type\":\"ListItem\",\"position\":3,\"name\":\"Ett viktigt ansvar i att skapa m\u00e5ngfald\"}]},{\"@type\":\"WebSite\",\"@id\":\"https:\/\/staging.signium.com\/#website\",\"url\":\"https:\/\/staging.signium.com\/\",\"name\":\"Signium\",\"description\":\"Global Executive Search and Leadership Consulting\",\"publisher\":{\"@id\":\"https:\/\/staging.signium.com\/#organization\"},\"potentialAction\":[{\"@type\":\"SearchAction\",\"target\":{\"@type\":\"EntryPoint\",\"urlTemplate\":\"https:\/\/staging.signium.com\/?s={search_term_string}\"},\"query-input\":\"required name=search_term_string\"}],\"inLanguage\":\"sv-SE\"},{\"@type\":\"Organization\",\"@id\":\"https:\/\/staging.signium.com\/#organization\",\"name\":\"Signium\",\"url\":\"https:\/\/staging.signium.com\/\",\"logo\":{\"@type\":\"ImageObject\",\"inLanguage\":\"sv-SE\",\"@id\":\"https:\/\/staging.signium.com\/#\/schema\/logo\/image\/\",\"url\":\"https:\/\/www.signium.com\/wp-content\/uploads\/2020\/05\/logo-darkblue.png\",\"contentUrl\":\"https:\/\/www.signium.com\/wp-content\/uploads\/2020\/05\/logo-darkblue.png\",\"width\":300,\"height\":66,\"caption\":\"Signium\"},\"image\":{\"@id\":\"https:\/\/staging.signium.com\/#\/schema\/logo\/image\/\"},\"sameAs\":[\"https:\/\/twitter.com\/signiumspeaks\",\"https:\/\/www.linkedin.com\/company\/signium\",\"https:\/\/www.youtube.com\/channel\/UC1mryZmvR40LptxwpsxMaiw\"]}]}<\/script>\n<!-- \/ Yoast SEO Premium plugin. -->","yoast_head_json":{"title":"Ett viktigt ansvar i att skapa m\u00e5ngfald &ndash; Signium","description":"Gabriella Agi \u00e4r konsult p\u00e5 Signium i G\u00f6teborg och har arbetat med m\u00e5ngfaldsfr\u00e5gor i m\u00e5nga \u00e5r. I v\u00e5r senaste intervju delar hon med sig av tips f\u00f6r hur du skapar en mer inkluderande f\u00f6retagskultur.","robots":{"index":"index","follow":"follow","max-snippet":"max-snippet:-1","max-image-preview":"max-image-preview:large","max-video-preview":"max-video-preview:-1"},"canonical":"https:\/\/staging.signium.com\/sv\/news\/ett-viktigt-ansvar-i-att-skapa-mangfald\/","og_locale":"sv_SE","og_type":"article","og_title":"Ett viktigt ansvar i att skapa m\u00e5ngfald","og_description":"Gabriella Agi \u00e4r konsult p\u00e5 Signium i G\u00f6teborg och har arbetat med m\u00e5ngfaldsfr\u00e5gor i m\u00e5nga \u00e5r. I v\u00e5r senaste intervju delar hon med sig av tips f\u00f6r hur du skapar en mer inkluderande f\u00f6retagskultur.","og_url":"https:\/\/staging.signium.com\/sv\/news\/ett-viktigt-ansvar-i-att-skapa-mangfald\/","og_site_name":"Signium","article_modified_time":"2023-09-21T20:05:05+00:00","og_image":[{"width":1512,"height":929,"url":"http:\/\/staging.signium.com\/wp-content\/uploads\/2023\/09\/gabriella_web_insights-1.jpg","type":"image\/jpeg"}],"twitter_card":"summary_large_image","twitter_site":"@signiumspeaks","twitter_misc":{"Est. reading time":"2 minutes"},"schema":{"@context":"https:\/\/schema.org","@graph":[{"@type":"WebPage","@id":"https:\/\/staging.signium.com\/sv\/news\/ett-viktigt-ansvar-i-att-skapa-mangfald\/","url":"https:\/\/staging.signium.com\/sv\/news\/ett-viktigt-ansvar-i-att-skapa-mangfald\/","name":"Ett viktigt ansvar i att skapa m\u00e5ngfald &ndash; Signium","isPartOf":{"@id":"https:\/\/staging.signium.com\/#website"},"datePublished":"2023-09-21T20:05:03+00:00","dateModified":"2023-09-21T20:05:05+00:00","description":"Gabriella Agi \u00e4r konsult p\u00e5 Signium i G\u00f6teborg och har arbetat med m\u00e5ngfaldsfr\u00e5gor i m\u00e5nga \u00e5r. I v\u00e5r senaste intervju delar hon med sig av tips f\u00f6r hur du skapar en mer inkluderande f\u00f6retagskultur.","breadcrumb":{"@id":"https:\/\/staging.signium.com\/sv\/news\/ett-viktigt-ansvar-i-att-skapa-mangfald\/#breadcrumb"},"inLanguage":"sv-SE","potentialAction":[{"@type":"ReadAction","target":["https:\/\/staging.signium.com\/sv\/news\/ett-viktigt-ansvar-i-att-skapa-mangfald\/"]}]},{"@type":"BreadcrumbList","@id":"https:\/\/staging.signium.com\/sv\/news\/ett-viktigt-ansvar-i-att-skapa-mangfald\/#breadcrumb","itemListElement":[{"@type":"ListItem","position":1,"name":"Home","item":"https:\/\/www.signium.com\/sv\/"},{"@type":"ListItem","position":2,"name":"News","item":"https:\/\/staging.signium.com\/news\/"},{"@type":"ListItem","position":3,"name":"Ett viktigt ansvar i att skapa m\u00e5ngfald"}]},{"@type":"WebSite","@id":"https:\/\/staging.signium.com\/#website","url":"https:\/\/staging.signium.com\/","name":"Signium","description":"Global Executive Search and Leadership Consulting","publisher":{"@id":"https:\/\/staging.signium.com\/#organization"},"potentialAction":[{"@type":"SearchAction","target":{"@type":"EntryPoint","urlTemplate":"https:\/\/staging.signium.com\/?s={search_term_string}"},"query-input":"required name=search_term_string"}],"inLanguage":"sv-SE"},{"@type":"Organization","@id":"https:\/\/staging.signium.com\/#organization","name":"Signium","url":"https:\/\/staging.signium.com\/","logo":{"@type":"ImageObject","inLanguage":"sv-SE","@id":"https:\/\/staging.signium.com\/#\/schema\/logo\/image\/","url":"https:\/\/www.signium.com\/wp-content\/uploads\/2020\/05\/logo-darkblue.png","contentUrl":"https:\/\/www.signium.com\/wp-content\/uploads\/2020\/05\/logo-darkblue.png","width":300,"height":66,"caption":"Signium"},"image":{"@id":"https:\/\/staging.signium.com\/#\/schema\/logo\/image\/"},"sameAs":["https:\/\/twitter.com\/signiumspeaks","https:\/\/www.linkedin.com\/company\/signium","https:\/\/www.youtube.com\/channel\/UC1mryZmvR40LptxwpsxMaiw"]}]}},"_links":{"self":[{"href":"https:\/\/www.signium.com\/sv\/wp-json\/wp\/v2\/news\/7105"}],"collection":[{"href":"https:\/\/www.signium.com\/sv\/wp-json\/wp\/v2\/news"}],"about":[{"href":"https:\/\/www.signium.com\/sv\/wp-json\/wp\/v2\/types\/news"}],"replies":[{"embeddable":true,"href":"https:\/\/www.signium.com\/sv\/wp-json\/wp\/v2\/comments?post=7105"}],"wp:featuredmedia":[{"embeddable":true,"href":"https:\/\/www.signium.com\/sv\/wp-json\/wp\/v2\/media\/7106"}],"wp:attachment":[{"href":"https:\/\/www.signium.com\/sv\/wp-json\/wp\/v2\/media?parent=7105"}],"wp:term":[{"taxonomy":"region","embeddable":true,"href":"https:\/\/www.signium.com\/sv\/wp-json\/wp\/v2\/region?post=7105"},{"taxonomy":"news_type","embeddable":true,"href":"https:\/\/www.signium.com\/sv\/wp-json\/wp\/v2\/news_type?post=7105"}],"curies":[{"name":"wp","href":"https:\/\/api.w.org\/{rel}","templated":true}]}}